{"id":18509,"date":"2020-10-23T08:00:10","date_gmt":"2020-10-23T11:00:10","guid":{"rendered":"https:\/\/www.rubendario.cl\/sitio\/?p=18509"},"modified":"2021-07-16T15:38:07","modified_gmt":"2021-07-16T19:38:07","slug":"dialogos-de-medio-ambiente","status":"publish","type":"post","link":"https:\/\/www.rubendario.cl\/sitio\/dialogos-de-medio-ambiente\/","title":{"rendered":"Di\u00e1logos de Medio Ambiente"},"content":{"rendered":"<p><img loading=\"lazy\" decoding=\"async\" class=\"aligncenter size-full wp-image-18510\" src=\"https:\/\/www.rubendario.cl\/sitio\/wp-content\/uploads\/2020\/10\/portada.png\" alt=\"\" width=\"660\" height=\"351\" srcset=\"https:\/\/www.rubendario.cl\/sitio\/wp-content\/uploads\/2020\/10\/portada.png 660w, https:\/\/www.rubendario.cl\/sitio\/wp-content\/uploads\/2020\/10\/portada-300x160.png 300w, https:\/\/www.rubendario.cl\/sitio\/wp-content\/uploads\/2020\/10\/portada-460x245.png 460w, https:\/\/www.rubendario.cl\/sitio\/wp-content\/uploads\/2020\/10\/portada-310x165.png 310w\" sizes=\"auto, (max-width: 660px) 100vw, 660px\" \/><\/p>\n<p>Estimada Comunidad:<\/p>\n<p>En el marco de las actividades a realizar en la <strong>semana de Aniversario del Colegio Poeta Rub\u00e9n Dar\u00edo<\/strong>, es que a continuaci\u00f3n, los y las invitamos a ustedes a las charlas que dar\u00e1n dos especialistas en tem\u00e1ticas sobre medio ambiente.<\/p>\n<p>La primera de ellas, fijada para el <strong>pr\u00f3ximo d\u00eda lunes 26 de octubre a las 10:00 hrs<\/strong>, estar\u00e1 a cargo de <strong>Jorge Bottai, M\u00e1ster en Gobernanza del Riesgo y Recursos de la Universidad de Heidelberg de Alemania<\/strong>, nos hablar\u00e1 sobre la <strong>\u201cGesti\u00f3n del riesgo ante desastres socionaturales\u201d<\/strong>. La segunda charla, fijada para el d\u00eda <strong>mi\u00e9rcoles 28 de octubre a las 11:00 hrs<\/strong>, estar\u00e1 a cargo de Roxanna R\u00edos, Arquitecta de profesi\u00f3n y Mag\u00edster en Desarrollo Urbano de la Pontificia Universidad Cat\u00f3lica de Chile, nos hablar\u00e1 sobre la <strong>\u201cGesti\u00f3n de la basura en el hogar\u201d<\/strong>.<\/p>\n<p>Esperamos que estas iniciativas puedan contribuir a mejorar nuestro conocimiento sobre dos aristas de gran relevancia en el \u00e1rea de medio ambiente, como lo son los riesgos socionaturales y la gesti\u00f3n de los residuos.<\/p>\n<p>\u00c1rea de Medio Ambiente, Convivencia Escolar,<br \/>\nColegio Poeta Rub\u00e9n Dar\u00edo<\/p>\n<p style=\"text-align: center;\">\n<p style=\"text-align: center;\"><strong>Programa\u00a0Charla<\/strong><\/p>\n<p><a href=\"https:\/\/www.rubendario.cl\/sitio\/wp-content\/uploads\/2020\/10\/Charla.png\"><img loading=\"lazy\" decoding=\"async\" class=\"aligncenter size-full wp-image-12631\" src=\"https:\/\/www.rubendario.cl\/sitio\/wp-content\/uploads\/2018\/08\/descargar-1.jpg\" alt=\"\" width=\"200\" height=\"85\" \/><\/a><\/p>\n","protected":false},"excerpt":{"rendered":"<p>Estimada Comunidad: En el marco de las actividades a realizar en la semana de Aniversario del Colegio Poeta Rub\u00e9n Dar\u00edo, es que a continuaci\u00f3n, los y las invitamos a ustedes a las charlas que dar\u00e1n dos especialistas en tem\u00e1ticas sobre medio ambiente. La primera de ellas, fijada para el pr\u00f3ximo d\u00eda lunes 26 de octubre &hellip;<\/p>\n","protected":false},"author":1,"featured_media":18510,"comment_status":"closed","ping_status":"open","sticky":false,"template":"","format":"standard","meta":{"footnotes":""},"categories":[140,183,176,186,72,189],"tags":[],"class_list":["post-18509","post","type-post","status-publish","format-standard","has-post-thumbnail","","category-140","category-ecologia","category-medioambiente","category-notas","category-noticias","category-rubendariosustentable"],"publishpress_future_action":{"enabled":false,"date":"2026-05-10 12:53:44","action":"change-status","newStatus":"draft","terms":[],"taxonomy":"category","extraData":[]},"publishpress_future_workflow_manual_trigger":{"enabledWorkflows":[]},"_links":{"self":[{"href":"https:\/\/www.rubendario.cl\/sitio\/wp-json\/wp\/v2\/posts\/18509","targetHints":{"allow":["GET"]}}],"collection":[{"href":"https:\/\/www.rubendario.cl\/sitio\/wp-json\/wp\/v2\/posts"}],"about":[{"href":"https:\/\/www.rubendario.cl\/sitio\/wp-json\/wp\/v2\/types\/post"}],"author":[{"embeddable":true,"href":"https:\/\/www.rubendario.cl\/sitio\/wp-json\/wp\/v2\/users\/1"}],"replies":[{"embeddable":true,"href":"https:\/\/www.rubendario.cl\/sitio\/wp-json\/wp\/v2\/comments?post=18509"}],"version-history":[{"count":0,"href":"https:\/\/www.rubendario.cl\/sitio\/wp-json\/wp\/v2\/posts\/18509\/revisions"}],"wp:featuredmedia":[{"embeddable":true,"href":"https:\/\/www.rubendario.cl\/sitio\/wp-json\/wp\/v2\/media\/18510"}],"wp:attachment":[{"href":"https:\/\/www.rubendario.cl\/sitio\/wp-json\/wp\/v2\/media?parent=18509"}],"wp:term":[{"taxonomy":"category","embeddable":true,"href":"https:\/\/www.rubendario.cl\/sitio\/wp-json\/wp\/v2\/categories?post=18509"},{"taxonomy":"post_tag","embeddable":true,"href":"https:\/\/www.rubendario.cl\/sitio\/wp-json\/wp\/v2\/tags?post=18509"}],"curies":[{"name":"wp","href":"https:\/\/api.w.org\/{rel}","templated":true}]}}