{"id":18528,"date":"2020-10-24T08:00:02","date_gmt":"2020-10-24T11:00:02","guid":{"rendered":"https:\/\/www.rubendario.cl\/sitio\/?p=18528"},"modified":"2021-07-16T15:38:07","modified_gmt":"2021-07-16T19:38:07","slug":"dia-internacional-contra-el-cambio-climatico","status":"publish","type":"post","link":"https:\/\/www.rubendario.cl\/sitio\/dia-internacional-contra-el-cambio-climatico\/","title":{"rendered":"D\u00eda Internacional Contra el Cambio Clim\u00e1tico"},"content":{"rendered":"<p><img loading=\"lazy\" decoding=\"async\" class=\"aligncenter size-full wp-image-18529\" src=\"https:\/\/www.rubendario.cl\/sitio\/wp-content\/uploads\/2020\/10\/Portada-Cambio-clim\u00e1tico.png\" alt=\"\" width=\"660\" height=\"351\" srcset=\"https:\/\/www.rubendario.cl\/sitio\/wp-content\/uploads\/2020\/10\/Portada-Cambio-clim\u00e1tico.png 660w, https:\/\/www.rubendario.cl\/sitio\/wp-content\/uploads\/2020\/10\/Portada-Cambio-clim\u00e1tico-300x160.png 300w, https:\/\/www.rubendario.cl\/sitio\/wp-content\/uploads\/2020\/10\/Portada-Cambio-clim\u00e1tico-460x245.png 460w, https:\/\/www.rubendario.cl\/sitio\/wp-content\/uploads\/2020\/10\/Portada-Cambio-clim\u00e1tico-310x165.png 310w\" sizes=\"auto, (max-width: 660px) 100vw, 660px\" \/><\/p>\n<p style=\"text-align: center;\">\n<p>Hoy 24 de octubre se celebra a nivel global el <strong>\u201cD\u00eda Internacional Contra el Cambio Clim\u00e1tico\u201d<\/strong>, cuyo objetivo es movilizar y sensibilizar a las personas de diferentes partes del mundo sobre los diferentes efectos del cambio clim\u00e1tico, como tambi\u00e9n, concientizar a la poblaci\u00f3n sobre el gran desaf\u00edo que tenemos como generaci\u00f3n ante los cambios que est\u00e1n ocurriendo en este momento.<\/p>\n<p>El cambio clim\u00e1tico y sus implicancias han provocado diversos problemas y transformaciones, las que en su conjunto hacen de este fen\u00f3meno un problema de relevancia a nivel global. Si bien, el cambio clim\u00e1tico es un problema a nivel global, este no afecta a todos los lugares de la misma manera, ya que las caracter\u00edsticas f\u00edsicas y la interacci\u00f3n entre los sistemas clim\u00e1ticos locales, es trascendental para determinar las diferentes formas en que este fen\u00f3meno act\u00faa. Al respecto, en algunas partes del mundo los continentes se han calentado m\u00e1s r\u00e1pidamente que los oc\u00e9anos, las precipitaciones han aumentado considerablemente, mientras que, en otros lugares, como por ejemplo en la regi\u00f3n mediterr\u00e1nea, en el sur de \u00c1frica y en zonas localizadas del sur de Asia, las precipitaciones han disminuido durante el \u00faltimo siglo.<\/p>\n<p>Entre las principales causas que explican el fen\u00f3meno del cambio clim\u00e1tico, se ha identificado a la emisi\u00f3n de gases de efecto invernadero (GEI) desde el proceso de industrializaci\u00f3n hasta la actualidad. Tal situaci\u00f3n, ha provocado el aumento de las temperaturas promedio globales en 0.74\u00b0 C durante el \u00faltimo siglo y se espera que es inevitable un aumento de 2 C de temperatura para el a\u00f1o 2050. Esto, trae consigo diversas consecuencias asociadas a cambios en el sistema hidrol\u00f3gico, modificando de forma anual o estacional la disponibilidad de agua seg\u00fan la regi\u00f3n afectada, traduci\u00e9ndose en la ocurrencia cada vez m\u00e1s frecuente de sequias e inundaciones; alza en el nivel del mar como producto del derretimiento de glaciales, casquetes de hielo y capas de hielo polar que se derriten, lo que podr\u00eda resultar en un aumento del nivel del mar entre 0.5 a 1.5 metros para el a\u00f1o 2100 por encima del nivel de 1990; posibles modificaciones en los patrones normales de eventos clim\u00e1ticos extremos y tambi\u00e9n, problemas asociados a la salud como resultado de la ocurrencia de olas de calor y fr\u00edo y actividades de tormentas.<\/p>\n<p>Si quieres conocer m\u00e1s sobre el cambio clim\u00e1tico y sus diferentes implicancias territoriales en Chile, pincha ac\u00e1:<br \/>\n<a href=\"https:\/\/cambioclimatico.mma.gob.cl\/\">https:\/\/cambioclimatico.mma.gob.cl\/<\/a><\/p>\n<p>&nbsp;<\/p>\n<p>\u00c1rea de Medio Ambiente, Convivencia Escolar,<br \/>\nColegio Poeta Rub\u00e9n Dar\u00edo<\/p>\n","protected":false},"excerpt":{"rendered":"<p>Hoy 24 de octubre se celebra a nivel global el \u201cD\u00eda Internacional Contra el Cambio Clim\u00e1tico\u201d, cuyo objetivo es movilizar y sensibilizar a las personas de diferentes partes del mundo sobre los diferentes efectos del cambio clim\u00e1tico, como tambi\u00e9n, concientizar a la poblaci\u00f3n sobre el gran desaf\u00edo que tenemos como generaci\u00f3n ante los cambios que &hellip;<\/p>\n","protected":false},"author":1,"featured_media":18529,"comment_status":"closed","ping_status":"open","sticky":false,"template":"","format":"standard","meta":{"footnotes":""},"categories":[140,182,176,186,72,189],"tags":[],"class_list":["post-18528","post","type-post","status-publish","format-standard","has-post-thumbnail","","category-140","category-efemerides","category-medioambiente","category-notas","category-noticias","category-rubendariosustentable"],"publishpress_future_action":{"enabled":false,"date":"2026-05-10 12:53:00","action":"change-status","newStatus":"draft","terms":[],"taxonomy":"category","extraData":[]},"publishpress_future_workflow_manual_trigger":{"enabledWorkflows":[]},"_links":{"self":[{"href":"https:\/\/www.rubendario.cl\/sitio\/wp-json\/wp\/v2\/posts\/18528","targetHints":{"allow":["GET"]}}],"collection":[{"href":"https:\/\/www.rubendario.cl\/sitio\/wp-json\/wp\/v2\/posts"}],"about":[{"href":"https:\/\/www.rubendario.cl\/sitio\/wp-json\/wp\/v2\/types\/post"}],"author":[{"embeddable":true,"href":"https:\/\/www.rubendario.cl\/sitio\/wp-json\/wp\/v2\/users\/1"}],"replies":[{"embeddable":true,"href":"https:\/\/www.rubendario.cl\/sitio\/wp-json\/wp\/v2\/comments?post=18528"}],"version-history":[{"count":0,"href":"https:\/\/www.rubendario.cl\/sitio\/wp-json\/wp\/v2\/posts\/18528\/revisions"}],"wp:featuredmedia":[{"embeddable":true,"href":"https:\/\/www.rubendario.cl\/sitio\/wp-json\/wp\/v2\/media\/18529"}],"wp:attachment":[{"href":"https:\/\/www.rubendario.cl\/sitio\/wp-json\/wp\/v2\/media?parent=18528"}],"wp:term":[{"taxonomy":"category","embeddable":true,"href":"https:\/\/www.rubendario.cl\/sitio\/wp-json\/wp\/v2\/categories?post=18528"},{"taxonomy":"post_tag","embeddable":true,"href":"https:\/\/www.rubendario.cl\/sitio\/wp-json\/wp\/v2\/tags?post=18528"}],"curies":[{"name":"wp","href":"https:\/\/api.w.org\/{rel}","templated":true}]}}