{"id":18603,"date":"2020-11-09T21:17:29","date_gmt":"2020-11-10T00:17:29","guid":{"rendered":"https:\/\/www.rubendario.cl\/sitio\/?p=18603"},"modified":"2021-07-06T15:38:12","modified_gmt":"2021-07-06T19:38:12","slug":"eleccion-de-profundizacion-3-y-4-medios-2021","status":"publish","type":"post","link":"https:\/\/www.rubendario.cl\/sitio\/eleccion-de-profundizacion-3-y-4-medios-2021\/","title":{"rendered":"Elecci\u00f3n de Profundizaci\u00f3n 3\u00b0 y 4\u00b0 Medios 2021"},"content":{"rendered":"<p><img loading=\"lazy\" decoding=\"async\" class=\"aligncenter size-full wp-image-18604\" src=\"https:\/\/www.rubendario.cl\/sitio\/wp-content\/uploads\/2020\/11\/banner-profundizacion.png\" alt=\"\" width=\"660\" height=\"351\" srcset=\"https:\/\/www.rubendario.cl\/sitio\/wp-content\/uploads\/2020\/11\/banner-profundizacion.png 660w, https:\/\/www.rubendario.cl\/sitio\/wp-content\/uploads\/2020\/11\/banner-profundizacion-300x160.png 300w, https:\/\/www.rubendario.cl\/sitio\/wp-content\/uploads\/2020\/11\/banner-profundizacion-460x245.png 460w, https:\/\/www.rubendario.cl\/sitio\/wp-content\/uploads\/2020\/11\/banner-profundizacion-310x165.png 310w\" sizes=\"auto, (max-width: 660px) 100vw, 660px\" \/><\/p>\n<p>Seg\u00fan lo establecido en la <strong>ley General de Educaci\u00f3n<\/strong>, el plan de estudio define la organizaci\u00f3n del tiempo escolar para el logro de los Objetivos de Aprendizaje\u00a0determinados en las <strong>Bases Curriculares<\/strong>, detallados en horas m\u00ednimas de clases para\u00a0cada curso y sus respectivas asignaturas. Para 3\u00b0 y 4\u00b0 Medio desde el 2019 contempla asignaturas de profundizaci\u00f3n, que contemplan el desarrollo de los siguientes objetivos:<\/p>\n<ul>\n<li>Formaci\u00f3n de ciudadanos integrales.\u00a0Favorecer el desarrollo los<br \/>\nconocimientos, habilidades y actitudes que les permitan ejercer una<br \/>\nciudadan\u00eda activa e integrarse a la sociedad.<\/li>\n<li>Mayor electividad.\u00a0Entregar espacios de libertad y participaci\u00f3n activa,<br \/>\nfavoreciendo la toma de decisiones responsable, la autonom\u00eda, el juicio<br \/>\ncr\u00edtico, el compromiso y la creatividad.<\/li>\n<li>Mejor transici\u00f3n a la Educaci\u00f3n Superior.\u00a0Foco en los saberes relevantes<br \/>\npara desenvolverse en el mundo actual.<\/li>\n<li>Mayor equidad. Igualdad de oportunidades de profundizaci\u00f3n, flexibilidad y<br \/>\nelectividad a todos los estudiantes.<\/li>\n<\/ul>\n<p>A continuaci\u00f3n, les presentamos nuestro plan diferenciado para que cada\u00a0estudiante de segundo y tercero medio pueda desarrollar a conciencia su elecci\u00f3n.<\/p>\n<p>\u00c9xito!!!<\/p>\n<p>Katherine Morales<br \/>\nCoordinadora Acad\u00e9mica<\/p>\n<p style=\"text-align: center;\">\n<p style=\"text-align: center;\"><strong>Asignaturas de Profundizaci\u00f3n 2021<\/strong><\/p>\n<p><a href=\"https:\/\/www.rubendario.cl\/sitio\/wp-content\/uploads\/2020\/11\/AsignaturasDeProfundizacion2021.pdf\"><img loading=\"lazy\" decoding=\"async\" class=\"aligncenter size-full wp-image-12631\" src=\"https:\/\/www.rubendario.cl\/sitio\/wp-content\/uploads\/2018\/08\/descargar-1.jpg\" alt=\"\" width=\"200\" height=\"85\" \/><\/a><\/p>\n<p style=\"text-align: center;\"><strong>Charlas de Asignaturas de Profundizaci\u00f3n<\/strong><\/p>\n<p><a href=\"https:\/\/www.rubendario.cl\/sitio\/wp-content\/uploads\/2020\/11\/CharlasDeAsignaturasDeProfundizaci\u00f3n2021.pdf\"><img loading=\"lazy\" decoding=\"async\" class=\"aligncenter size-full wp-image-12631\" src=\"https:\/\/www.rubendario.cl\/sitio\/wp-content\/uploads\/2018\/08\/descargar-1.jpg\" alt=\"\" width=\"200\" height=\"85\" \/><\/a><\/p>\n","protected":false},"excerpt":{"rendered":"<p>Seg\u00fan lo establecido en la ley General de Educaci\u00f3n, el plan de estudio define la organizaci\u00f3n del tiempo escolar para el logro de los Objetivos de Aprendizaje\u00a0determinados en las Bases Curriculares, detallados en horas m\u00ednimas de clases para\u00a0cada curso y sus respectivas asignaturas. Para 3\u00b0 y 4\u00b0 Medio desde el 2019 contempla asignaturas de profundizaci\u00f3n, &hellip;<\/p>\n","protected":false},"author":1,"featured_media":18604,"comment_status":"closed","ping_status":"open","sticky":false,"template":"","format":"standard","meta":{"footnotes":""},"categories":[140,186,72],"tags":[],"class_list":["post-18603","post","type-post","status-publish","format-standard","has-post-thumbnail","","category-140","category-notas","category-noticias"],"publishpress_future_action":{"enabled":false,"date":"2026-05-10 11:54:26","action":"change-status","newStatus":"draft","terms":[],"taxonomy":"category","extraData":[]},"publishpress_future_workflow_manual_trigger":{"enabledWorkflows":[]},"_links":{"self":[{"href":"https:\/\/www.rubendario.cl\/sitio\/wp-json\/wp\/v2\/posts\/18603","targetHints":{"allow":["GET"]}}],"collection":[{"href":"https:\/\/www.rubendario.cl\/sitio\/wp-json\/wp\/v2\/posts"}],"about":[{"href":"https:\/\/www.rubendario.cl\/sitio\/wp-json\/wp\/v2\/types\/post"}],"author":[{"embeddable":true,"href":"https:\/\/www.rubendario.cl\/sitio\/wp-json\/wp\/v2\/users\/1"}],"replies":[{"embeddable":true,"href":"https:\/\/www.rubendario.cl\/sitio\/wp-json\/wp\/v2\/comments?post=18603"}],"version-history":[{"count":0,"href":"https:\/\/www.rubendario.cl\/sitio\/wp-json\/wp\/v2\/posts\/18603\/revisions"}],"wp:featuredmedia":[{"embeddable":true,"href":"https:\/\/www.rubendario.cl\/sitio\/wp-json\/wp\/v2\/media\/18604"}],"wp:attachment":[{"href":"https:\/\/www.rubendario.cl\/sitio\/wp-json\/wp\/v2\/media?parent=18603"}],"wp:term":[{"taxonomy":"category","embeddable":true,"href":"https:\/\/www.rubendario.cl\/sitio\/wp-json\/wp\/v2\/categories?post=18603"},{"taxonomy":"post_tag","embeddable":true,"href":"https:\/\/www.rubendario.cl\/sitio\/wp-json\/wp\/v2\/tags?post=18603"}],"curies":[{"name":"wp","href":"https:\/\/api.w.org\/{rel}","templated":true}]}}