{"id":18732,"date":"2021-01-28T08:00:37","date_gmt":"2021-01-28T11:00:37","guid":{"rendered":"https:\/\/www.rubendario.cl\/sitio\/?p=18732"},"modified":"2021-07-16T15:38:07","modified_gmt":"2021-07-16T19:38:07","slug":"dia-mundial-por-la-reduccion-de-emisiones-de-co2","status":"publish","type":"post","link":"https:\/\/www.rubendario.cl\/sitio\/dia-mundial-por-la-reduccion-de-emisiones-de-co2\/","title":{"rendered":"D\u00eda mundial por la reducci\u00f3n de emisiones de CO2"},"content":{"rendered":"<p><img loading=\"lazy\" decoding=\"async\" class=\"aligncenter size-full wp-image-18733\" src=\"https:\/\/www.rubendario.cl\/sitio\/wp-content\/uploads\/2021\/01\/Portada-D\u00eda-Reducci\u00f3n-Emisiones.png\" alt=\"\" width=\"660\" height=\"351\" srcset=\"https:\/\/www.rubendario.cl\/sitio\/wp-content\/uploads\/2021\/01\/Portada-D\u00eda-Reducci\u00f3n-Emisiones.png 660w, https:\/\/www.rubendario.cl\/sitio\/wp-content\/uploads\/2021\/01\/Portada-D\u00eda-Reducci\u00f3n-Emisiones-300x160.png 300w, https:\/\/www.rubendario.cl\/sitio\/wp-content\/uploads\/2021\/01\/Portada-D\u00eda-Reducci\u00f3n-Emisiones-460x245.png 460w, https:\/\/www.rubendario.cl\/sitio\/wp-content\/uploads\/2021\/01\/Portada-D\u00eda-Reducci\u00f3n-Emisiones-310x165.png 310w\" sizes=\"auto, (max-width: 660px) 100vw, 660px\" \/><\/p>\n<p>Hoy 28 de enero se celebra a nivel mundial el <strong>\u201cD\u00eda mundial por la reducci\u00f3n de las emisiones de CO<sub>2<\/sub>\u201d<\/strong>. La <strong>Organizaci\u00f3n de Naciones Unidas<\/strong> design\u00f3 este d\u00eda para crear conciencia y sensibilizar a los ciudadanos sobre el cambio clim\u00e1tico y los impactos ambientales que esto ocasiona. Adem\u00e1s,\u00a0con la celebraci\u00f3n de esta efem\u00e9ride se busca impulsar el desarrollo de pol\u00edticas enfocadas en la\u00a0reducci\u00f3n de emisiones de gases de efecto invernadero, tales como inversiones en el desarrollo de\u00a0fuentes de energ\u00edas renovables, cambio a combustibles m\u00e1s limpios, mejoras en la eficiencia de los\u00a0procesos de combusti\u00f3n y modificar las tendencias actuales de consumo a trav\u00e9s de la educaci\u00f3n<br \/>\nambiental, celebrada recientemente.<\/p>\n<p><strong>\u00bfC\u00f3mo reducir las emisiones de CO2?<\/strong><\/p>\n<ul>\n<li>Aplicar las 3R: Reducir, reutilizar y reciclar.<\/li>\n<li>Desplazarse de forma sostenible: Utilizar transporte p\u00fablico, caminata y el uso de la bicicleta.<\/li>\n<li>Apoyar la eficiencia energ\u00e9tica y el uso de renovables.<\/li>\n<li>Compensar emisiones de CO2.<\/li>\n<li>Conservar y mejorar los sumideros de CO2.<\/li>\n<\/ul>\n<p>&nbsp;<\/p>\n<p>\u00c1rea de Medio Ambiente, Convivencia Escolar,<br \/>\nColegio Poeta Rub\u00e9n Dar\u00edo<\/p>\n","protected":false},"excerpt":{"rendered":"<p>Hoy 28 de enero se celebra a nivel mundial el \u201cD\u00eda mundial por la reducci\u00f3n de las emisiones de CO2\u201d. La Organizaci\u00f3n de Naciones Unidas design\u00f3 este d\u00eda para crear conciencia y sensibilizar a los ciudadanos sobre el cambio clim\u00e1tico y los impactos ambientales que esto ocasiona. Adem\u00e1s,\u00a0con la celebraci\u00f3n de esta efem\u00e9ride se busca &hellip;<\/p>\n","protected":false},"author":1,"featured_media":18733,"comment_status":"closed","ping_status":"open","sticky":false,"template":"","format":"standard","meta":{"footnotes":""},"categories":[178,182,176,132,189],"tags":[],"class_list":["post-18732","post","type-post","status-publish","format-standard","has-post-thumbnail","","category-178","category-efemerides","category-medioambiente","category-portada","category-rubendariosustentable"],"publishpress_future_action":{"enabled":false,"date":"2026-05-10 12:53:06","action":"change-status","newStatus":"draft","terms":[],"taxonomy":"category","extraData":[]},"publishpress_future_workflow_manual_trigger":{"enabledWorkflows":[]},"_links":{"self":[{"href":"https:\/\/www.rubendario.cl\/sitio\/wp-json\/wp\/v2\/posts\/18732","targetHints":{"allow":["GET"]}}],"collection":[{"href":"https:\/\/www.rubendario.cl\/sitio\/wp-json\/wp\/v2\/posts"}],"about":[{"href":"https:\/\/www.rubendario.cl\/sitio\/wp-json\/wp\/v2\/types\/post"}],"author":[{"embeddable":true,"href":"https:\/\/www.rubendario.cl\/sitio\/wp-json\/wp\/v2\/users\/1"}],"replies":[{"embeddable":true,"href":"https:\/\/www.rubendario.cl\/sitio\/wp-json\/wp\/v2\/comments?post=18732"}],"version-history":[{"count":0,"href":"https:\/\/www.rubendario.cl\/sitio\/wp-json\/wp\/v2\/posts\/18732\/revisions"}],"wp:featuredmedia":[{"embeddable":true,"href":"https:\/\/www.rubendario.cl\/sitio\/wp-json\/wp\/v2\/media\/18733"}],"wp:attachment":[{"href":"https:\/\/www.rubendario.cl\/sitio\/wp-json\/wp\/v2\/media?parent=18732"}],"wp:term":[{"taxonomy":"category","embeddable":true,"href":"https:\/\/www.rubendario.cl\/sitio\/wp-json\/wp\/v2\/categories?post=18732"},{"taxonomy":"post_tag","embeddable":true,"href":"https:\/\/www.rubendario.cl\/sitio\/wp-json\/wp\/v2\/tags?post=18732"}],"curies":[{"name":"wp","href":"https:\/\/api.w.org\/{rel}","templated":true}]}}