{"id":18736,"date":"2021-01-26T08:00:15","date_gmt":"2021-01-26T11:00:15","guid":{"rendered":"https:\/\/www.rubendario.cl\/sitio\/?p=18736"},"modified":"2021-07-16T15:38:07","modified_gmt":"2021-07-16T19:38:07","slug":"dia-mundial-de-la-educacion-ambiental","status":"publish","type":"post","link":"https:\/\/www.rubendario.cl\/sitio\/dia-mundial-de-la-educacion-ambiental\/","title":{"rendered":"D\u00eda Mundial de la Educaci\u00f3n Ambiental"},"content":{"rendered":"<p><img loading=\"lazy\" decoding=\"async\" class=\"aligncenter size-full wp-image-18737\" src=\"https:\/\/www.rubendario.cl\/sitio\/wp-content\/uploads\/2021\/01\/Portada-D\u00eda-Educaci\u00f3n-Ambiental.png\" alt=\"\" width=\"660\" height=\"351\" srcset=\"https:\/\/www.rubendario.cl\/sitio\/wp-content\/uploads\/2021\/01\/Portada-D\u00eda-Educaci\u00f3n-Ambiental.png 660w, https:\/\/www.rubendario.cl\/sitio\/wp-content\/uploads\/2021\/01\/Portada-D\u00eda-Educaci\u00f3n-Ambiental-300x160.png 300w, https:\/\/www.rubendario.cl\/sitio\/wp-content\/uploads\/2021\/01\/Portada-D\u00eda-Educaci\u00f3n-Ambiental-460x245.png 460w, https:\/\/www.rubendario.cl\/sitio\/wp-content\/uploads\/2021\/01\/Portada-D\u00eda-Educaci\u00f3n-Ambiental-310x165.png 310w\" sizes=\"auto, (max-width: 660px) 100vw, 660px\" \/><\/p>\n<p>Hoy 26 de enero se celebra a nivel mundial el <strong>\u201cD\u00eda Mundial de la Educaci\u00f3n Ambiental\u201d<\/strong>. El origen de esta efem\u00e9ride se remonta a 1975, a\u00f1o en el que se organiz\u00f3 el <strong>Seminario Internacional de Educaci\u00f3n Ambiental<\/strong> en la ciudad de Belgrado, Serbia; y que cont\u00f3 con la participaci\u00f3n de m\u00e1s de 70 pa\u00edses.<\/p>\n<p>En aquel evento surgi\u00f3 la denominada <strong>Carta de Belgrado<\/strong>, donde se encuentran los principios que han regido la educaci\u00f3n ambiental y los puntos que la configuran. A continuaci\u00f3n, se presenta cada uno de ellos:<\/p>\n<ul>\n<li>Tomar conciencia y sensibilidad respecto a los problemas medioambientales del entorno socio-natural de las personas, y as\u00ed poder, buscar, proteger y brindar soluciones a estos.<\/li>\n<li>Educar a la sociedad respecto a qu\u00e9 es el medio ambiente, su importancia y el delicado equilibrio que existe entre ser humano y medio natural.<\/li>\n<li>Promover valores medioambientales.<\/li>\n<li>Ayudar a la comunidad y a diferentes organizaciones o grupos de personas a desarrollar habilidades necesarias para buscar soluciones a los problemas del entorno socio-natural en el que habitan.<\/li>\n<li>Conocer informaci\u00f3n y manejar datos asociados al tema medioambiental, y ense\u00f1ar a las personas a evaluar la evoluci\u00f3n del proceso.<\/li>\n<li>Incentivar la participaci\u00f3n de las personas en la b\u00fasqueda de soluciones a los problemas del medio ambiente y el rol en la sociedad para exigir a los gobiernos en diferentes escalas geogr\u00e1ficas y administrativas la toma de medidas enfocadas en resolver problemas del entorno socio-natural.<\/li>\n<\/ul>\n<p>\u00c1rea de Medio Ambiente, Convivencia Escolar,<br \/>\nColegio Poeta Rub\u00e9n Dar\u00edo<\/p>\n","protected":false},"excerpt":{"rendered":"<p>Hoy 26 de enero se celebra a nivel mundial el \u201cD\u00eda Mundial de la Educaci\u00f3n Ambiental\u201d. El origen de esta efem\u00e9ride se remonta a 1975, a\u00f1o en el que se organiz\u00f3 el Seminario Internacional de Educaci\u00f3n Ambiental en la ciudad de Belgrado, Serbia; y que cont\u00f3 con la participaci\u00f3n de m\u00e1s de 70 pa\u00edses. En &hellip;<\/p>\n","protected":false},"author":1,"featured_media":18737,"comment_status":"closed","ping_status":"open","sticky":false,"template":"","format":"standard","meta":{"footnotes":""},"categories":[178,182,176,132,189],"tags":[],"class_list":["post-18736","post","type-post","status-publish","format-standard","has-post-thumbnail","","category-178","category-efemerides","category-medioambiente","category-portada","category-rubendariosustentable"],"publishpress_future_action":{"enabled":false,"date":"2026-05-10 12:53:43","action":"change-status","newStatus":"draft","terms":[],"taxonomy":"category","extraData":[]},"publishpress_future_workflow_manual_trigger":{"enabledWorkflows":[]},"_links":{"self":[{"href":"https:\/\/www.rubendario.cl\/sitio\/wp-json\/wp\/v2\/posts\/18736","targetHints":{"allow":["GET"]}}],"collection":[{"href":"https:\/\/www.rubendario.cl\/sitio\/wp-json\/wp\/v2\/posts"}],"about":[{"href":"https:\/\/www.rubendario.cl\/sitio\/wp-json\/wp\/v2\/types\/post"}],"author":[{"embeddable":true,"href":"https:\/\/www.rubendario.cl\/sitio\/wp-json\/wp\/v2\/users\/1"}],"replies":[{"embeddable":true,"href":"https:\/\/www.rubendario.cl\/sitio\/wp-json\/wp\/v2\/comments?post=18736"}],"version-history":[{"count":0,"href":"https:\/\/www.rubendario.cl\/sitio\/wp-json\/wp\/v2\/posts\/18736\/revisions"}],"wp:featuredmedia":[{"embeddable":true,"href":"https:\/\/www.rubendario.cl\/sitio\/wp-json\/wp\/v2\/media\/18737"}],"wp:attachment":[{"href":"https:\/\/www.rubendario.cl\/sitio\/wp-json\/wp\/v2\/media?parent=18736"}],"wp:term":[{"taxonomy":"category","embeddable":true,"href":"https:\/\/www.rubendario.cl\/sitio\/wp-json\/wp\/v2\/categories?post=18736"},{"taxonomy":"post_tag","embeddable":true,"href":"https:\/\/www.rubendario.cl\/sitio\/wp-json\/wp\/v2\/tags?post=18736"}],"curies":[{"name":"wp","href":"https:\/\/api.w.org\/{rel}","templated":true}]}}