{"id":18774,"date":"2021-02-17T20:16:04","date_gmt":"2021-02-17T23:16:04","guid":{"rendered":"https:\/\/www.rubendario.cl\/sitio\/?p=18774"},"modified":"2021-07-06T15:38:11","modified_gmt":"2021-07-06T19:38:11","slug":"inicio-de-clases-2021","status":"publish","type":"post","link":"https:\/\/www.rubendario.cl\/sitio\/inicio-de-clases-2021\/","title":{"rendered":"Inicio de Clases 2021"},"content":{"rendered":"<p><img loading=\"lazy\" decoding=\"async\" class=\"aligncenter size-full wp-image-18775\" src=\"https:\/\/www.rubendario.cl\/sitio\/wp-content\/uploads\/2021\/02\/banner-iniciodeclases.png\" alt=\"\" width=\"660\" height=\"351\" srcset=\"https:\/\/www.rubendario.cl\/sitio\/wp-content\/uploads\/2021\/02\/banner-iniciodeclases.png 660w, https:\/\/www.rubendario.cl\/sitio\/wp-content\/uploads\/2021\/02\/banner-iniciodeclases-300x160.png 300w, https:\/\/www.rubendario.cl\/sitio\/wp-content\/uploads\/2021\/02\/banner-iniciodeclases-460x245.png 460w, https:\/\/www.rubendario.cl\/sitio\/wp-content\/uploads\/2021\/02\/banner-iniciodeclases-310x165.png 310w\" sizes=\"auto, (max-width: 660px) 100vw, 660px\" \/><\/p>\n<p>Saludamos a toda nuestra comunidad educativa, esperando que nuestros ni\u00f1os y j\u00f3venes hayan podido descansar, para as\u00ed enfrentar con m\u00e1s fuerzas este 2021, luego de un 2020 lleno de desaf\u00edos y aprendizajes, que sin lugar a dudas nos permiti\u00f3 forjar una educaci\u00f3n a distancia bajo los c\u00e1nones de calidad que siempre hemos querido entregar.<\/p>\n<p><strong>Con respecto al inicio de clases 2021 informamos lo siguiente:<\/strong><\/p>\n<p>Presentamos nuestro c<strong>alendario escolar al Ministerio de Educaci\u00f3n<\/strong> para iniciar nuestras actividades el <strong>3 de marzo<\/strong> con el procedimiento mixto como se explicita en el <a href=\"https:\/\/www.rubendario.cl\/sitio\/plan-retorno-a-clases\/\"><strong>Plan de Retorno<\/strong><\/a> publicado en nuestra p\u00e1gina institucional, el cual refiere clases mixtas (presencial y en l\u00ednea). Adem\u00e1s se incorporan los protocolos de salud definidos y planificaci\u00f3n educativa.<\/p>\n<p>Para nosotros sigue siendo un objetivo primordial el cuidado y resguardo de cada uno de los integrantes del colegio, <strong>por esta raz\u00f3n informamos que daremos inicio a las clases el d\u00eda 3 de marzo de manera virtual,<\/strong> y para el inicio del proceder mixto ser\u00e1 <strong>una vez que tengamos mayor certeza de condiciones de seguridad para todos;<\/strong> vacunaci\u00f3n de la segunda dosis para todos los funcionarios del colegio e instrucciones claras de las autoridades ministeriales respectivas.<\/p>\n<p>Creemos que es importante volver a clases presenciales, y lo haremos cuando no corra riesgo ning\u00fan integrante de nuestra comunidad. Debemos recordar que a\u00fan estamos en Pandemia.<\/p>\n<p>La pr\u00f3xima semana ser\u00e1n publicados los horarios de clases on line, las que tal como comentamos anteriormente inician el 3 de marzo.<\/p>\n<p>Reciba usted un afectuoso saludo<\/p>\n<p>Colegio Poeta Rub\u00e9n Dar\u00edo<\/p>\n","protected":false},"excerpt":{"rendered":"<p>Saludamos a toda nuestra comunidad educativa, esperando que nuestros ni\u00f1os y j\u00f3venes hayan podido descansar, para as\u00ed enfrentar con m\u00e1s fuerzas este 2021, luego de un 2020 lleno de desaf\u00edos y aprendizajes, que sin lugar a dudas nos permiti\u00f3 forjar una educaci\u00f3n a distancia bajo los c\u00e1nones de calidad que siempre hemos querido entregar. Con &hellip;<\/p>\n","protected":false},"author":1,"featured_media":18775,"comment_status":"closed","ping_status":"open","sticky":false,"template":"","format":"standard","meta":{"footnotes":""},"categories":[178,186,72,132],"tags":[],"class_list":["post-18774","post","type-post","status-publish","format-standard","has-post-thumbnail","","category-178","category-notas","category-noticias","category-portada"],"publishpress_future_action":{"enabled":false,"date":"2026-05-10 12:53:07","action":"change-status","newStatus":"draft","terms":[],"taxonomy":"category","extraData":[]},"publishpress_future_workflow_manual_trigger":{"enabledWorkflows":[]},"_links":{"self":[{"href":"https:\/\/www.rubendario.cl\/sitio\/wp-json\/wp\/v2\/posts\/18774","targetHints":{"allow":["GET"]}}],"collection":[{"href":"https:\/\/www.rubendario.cl\/sitio\/wp-json\/wp\/v2\/posts"}],"about":[{"href":"https:\/\/www.rubendario.cl\/sitio\/wp-json\/wp\/v2\/types\/post"}],"author":[{"embeddable":true,"href":"https:\/\/www.rubendario.cl\/sitio\/wp-json\/wp\/v2\/users\/1"}],"replies":[{"embeddable":true,"href":"https:\/\/www.rubendario.cl\/sitio\/wp-json\/wp\/v2\/comments?post=18774"}],"version-history":[{"count":0,"href":"https:\/\/www.rubendario.cl\/sitio\/wp-json\/wp\/v2\/posts\/18774\/revisions"}],"wp:featuredmedia":[{"embeddable":true,"href":"https:\/\/www.rubendario.cl\/sitio\/wp-json\/wp\/v2\/media\/18775"}],"wp:attachment":[{"href":"https:\/\/www.rubendario.cl\/sitio\/wp-json\/wp\/v2\/media?parent=18774"}],"wp:term":[{"taxonomy":"category","embeddable":true,"href":"https:\/\/www.rubendario.cl\/sitio\/wp-json\/wp\/v2\/categories?post=18774"},{"taxonomy":"post_tag","embeddable":true,"href":"https:\/\/www.rubendario.cl\/sitio\/wp-json\/wp\/v2\/tags?post=18774"}],"curies":[{"name":"wp","href":"https:\/\/api.w.org\/{rel}","templated":true}]}}