{"id":18806,"date":"2021-02-28T16:03:45","date_gmt":"2021-02-28T19:03:45","guid":{"rendered":"https:\/\/www.rubendario.cl\/sitio\/?p=18806"},"modified":"2021-07-06T15:36:06","modified_gmt":"2021-07-06T19:36:06","slug":"bienvenidos-a-clases-2021","status":"publish","type":"post","link":"https:\/\/www.rubendario.cl\/sitio\/bienvenidos-a-clases-2021\/","title":{"rendered":"Bienvenidos a Clases"},"content":{"rendered":"<p><img loading=\"lazy\" decoding=\"async\" class=\"aligncenter size-full wp-image-18809\" src=\"https:\/\/www.rubendario.cl\/sitio\/wp-content\/uploads\/2021\/02\/banner-regresoaclases.png\" alt=\"\" width=\"660\" height=\"351\" srcset=\"https:\/\/www.rubendario.cl\/sitio\/wp-content\/uploads\/2021\/02\/banner-regresoaclases.png 660w, https:\/\/www.rubendario.cl\/sitio\/wp-content\/uploads\/2021\/02\/banner-regresoaclases-300x160.png 300w, https:\/\/www.rubendario.cl\/sitio\/wp-content\/uploads\/2021\/02\/banner-regresoaclases-460x245.png 460w, https:\/\/www.rubendario.cl\/sitio\/wp-content\/uploads\/2021\/02\/banner-regresoaclases-310x165.png 310w\" sizes=\"auto, (max-width: 660px) 100vw, 660px\" \/><\/p>\n<p>Comunidad Ruberiana:<\/p>\n<p>Los saludo afectuosamente y les doy la m\u00e1s cordial bienvenida a este <strong>nuevo a\u00f1o escolar 2021<\/strong>.<\/p>\n<p>Como ya se indic\u00f3 en comunicado anterior, durante el mes de marzo s\u00f3lo haremos clases online, por lo que comparto el calendario de \u00e9stas, el cual ser\u00e1 el que rija para todo el mes.<\/p>\n<p>Es importante se\u00f1alar que continuaremos utilizando la plataforma de <strong>Classroom<\/strong>, por lo que los estudiantes antiguos podr\u00e1n seguir utilizando el mismo correo institucional creado el a\u00f1o anterior.<\/p>\n<p>Los estudiantes\u00a0nuevos deben ingresar de la siguiente forma:<\/p>\n<ul>\n<li><a href=\"mailto:nombre.apellido1.apellido2@rubendario.cl\" target=\"_blank\" rel=\"noopener noreferrer\"><span style=\"font-family: verdana, sans-serif;\">nombre.apellido1.apellido2@<wbr \/>rubendario.cl<\/span><\/a><\/li>\n<li><span style=\"font-family: verdana, sans-serif;\">contrase\u00f1a: <strong>colegio2021<\/strong><br \/>\n<\/span><\/li>\n<\/ul>\n<p style=\"text-align: center;\"><span style=\"color: #3366ff;\"><strong>NO HAY MAY\u00daSCULAS, NI T\u00cdLDES, NI \u00d1<\/strong><\/span><\/p>\n<p>Se ha actualizado el mismo video tutorial del a\u00f1o anterior en la p\u00e1gina por si tienen dudas al ingresar. El \u00fanico cambio es la contrase\u00f1a.<\/p>\n<p>Adem\u00e1s comparto con ustedes la n\u00f3mina de profesores jefes para este a\u00f1o.<\/p>\n<p>Deseo a cada uno de nuestros estudiantes un excelente a\u00f1o y agradezco a nuestras familias por la confianza y compromiso con nuestro proyecto educativo.<\/p>\n<p><span style=\"color: #333399;\"><strong>Por \u00faltimo, nuestro inicio de clases est\u00e1 programado para el pr\u00f3ximo mi\u00e9rcoles 03 de marzo.<\/strong><\/span><\/p>\n<p>Reciba usted un abrazo fraterno<\/p>\n<p>&nbsp;<\/p>\n<p><strong>Katherine Morales O\u00f1ate<\/strong><br \/>\nMag\u00edster en Educaci\u00f3n<br \/>\nLicenciada en Educaci\u00f3n<br \/>\nProfesora de Qu\u00edmica y Cs. Naturales<br \/>\nCoordinadora Acad\u00e9mica<br \/>\nColegio Poeta Rub\u00e9n Dar\u00edo<\/p>\n","protected":false},"excerpt":{"rendered":"<p>Comunidad Ruberiana: Los saludo afectuosamente y les doy la m\u00e1s cordial bienvenida a este nuevo a\u00f1o escolar 2021. Como ya se indic\u00f3 en comunicado anterior, durante el mes de marzo s\u00f3lo haremos clases online, por lo que comparto el calendario de \u00e9stas, el cual ser\u00e1 el que rija para todo el mes. Es importante se\u00f1alar &hellip;<\/p>\n","protected":false},"author":1,"featured_media":18809,"comment_status":"closed","ping_status":"open","sticky":false,"template":"","format":"standard","meta":{"footnotes":""},"categories":[178,186,72],"tags":[],"class_list":["post-18806","post","type-post","status-publish","format-standard","has-post-thumbnail","","category-178","category-notas","category-noticias"],"publishpress_future_action":{"enabled":false,"date":"2026-05-10 12:06:33","action":"change-status","newStatus":"draft","terms":[],"taxonomy":"category","extraData":[]},"publishpress_future_workflow_manual_trigger":{"enabledWorkflows":[]},"_links":{"self":[{"href":"https:\/\/www.rubendario.cl\/sitio\/wp-json\/wp\/v2\/posts\/18806","targetHints":{"allow":["GET"]}}],"collection":[{"href":"https:\/\/www.rubendario.cl\/sitio\/wp-json\/wp\/v2\/posts"}],"about":[{"href":"https:\/\/www.rubendario.cl\/sitio\/wp-json\/wp\/v2\/types\/post"}],"author":[{"embeddable":true,"href":"https:\/\/www.rubendario.cl\/sitio\/wp-json\/wp\/v2\/users\/1"}],"replies":[{"embeddable":true,"href":"https:\/\/www.rubendario.cl\/sitio\/wp-json\/wp\/v2\/comments?post=18806"}],"version-history":[{"count":0,"href":"https:\/\/www.rubendario.cl\/sitio\/wp-json\/wp\/v2\/posts\/18806\/revisions"}],"wp:featuredmedia":[{"embeddable":true,"href":"https:\/\/www.rubendario.cl\/sitio\/wp-json\/wp\/v2\/media\/18809"}],"wp:attachment":[{"href":"https:\/\/www.rubendario.cl\/sitio\/wp-json\/wp\/v2\/media?parent=18806"}],"wp:term":[{"taxonomy":"category","embeddable":true,"href":"https:\/\/www.rubendario.cl\/sitio\/wp-json\/wp\/v2\/categories?post=18806"},{"taxonomy":"post_tag","embeddable":true,"href":"https:\/\/www.rubendario.cl\/sitio\/wp-json\/wp\/v2\/tags?post=18806"}],"curies":[{"name":"wp","href":"https:\/\/api.w.org\/{rel}","templated":true}]}}