{"id":18814,"date":"2021-03-01T09:50:16","date_gmt":"2021-03-01T12:50:16","guid":{"rendered":"https:\/\/www.rubendario.cl\/sitio\/?p=18814"},"modified":"2021-07-16T15:38:07","modified_gmt":"2021-07-16T19:38:07","slug":"dia-mundial-del-reciclador-de-base","status":"publish","type":"post","link":"https:\/\/www.rubendario.cl\/sitio\/dia-mundial-del-reciclador-de-base\/","title":{"rendered":"D\u00eda Mundial del Reciclador de Base"},"content":{"rendered":"<p><img loading=\"lazy\" decoding=\"async\" class=\"aligncenter size-full wp-image-18815\" src=\"https:\/\/www.rubendario.cl\/sitio\/wp-content\/uploads\/2021\/03\/Portada-reciclador-base.png\" alt=\"\" width=\"660\" height=\"351\" srcset=\"https:\/\/www.rubendario.cl\/sitio\/wp-content\/uploads\/2021\/03\/Portada-reciclador-base.png 660w, https:\/\/www.rubendario.cl\/sitio\/wp-content\/uploads\/2021\/03\/Portada-reciclador-base-300x160.png 300w, https:\/\/www.rubendario.cl\/sitio\/wp-content\/uploads\/2021\/03\/Portada-reciclador-base-460x245.png 460w, https:\/\/www.rubendario.cl\/sitio\/wp-content\/uploads\/2021\/03\/Portada-reciclador-base-310x165.png 310w\" sizes=\"auto, (max-width: 660px) 100vw, 660px\" \/><\/p>\n<p>Cada<strong> 1 de marzo<\/strong> se conmemora el <strong>d\u00eda Mundial del Reciclador de Base<\/strong>, como una manera de recordar la labor que realizan estas personas en la gesti\u00f3n de residuos que generamos d\u00eda a d\u00eda. A\u00a0nivel mundial, se estima que cerca de 15 millones de personas se dedica a esta labor, 4 millones se\u00a0encuentran en Am\u00e9rica Latina y el Caribe, y cerca de 60.000 personas son recicladores en Chile, de\u00a0los cuales, un 60% son mujeres.<\/p>\n<p>Los recicladores de base trabajan de manera independiente en las actividades de recolecci\u00f3n,\u00a0separaci\u00f3n y comercializaci\u00f3n de residuos para el reciclaje. Estas personas recorren las calles,\u00a0obteniendo diferentes materiales que seleccionan, almacenan y transportan a diferentes puntos\u00a0de venta, donde reciben materiales reciclables y reutilizables como empresas recuperadoras,<br \/>\nintermediarios o centros de reciclaje.<\/p>\n<p>\u00a1\u00a1Si ves a un reciclador de base en las calles, lo puedes saludar en su d\u00eda!!<\/p>\n<p>&nbsp;<\/p>\n<p>\u00c1rea de Medio Ambiente, Convivencia Escolar,<br \/>\nColegio Poeta Rub\u00e9n Dar\u00edo<\/p>\n","protected":false},"excerpt":{"rendered":"<p>Cada 1 de marzo se conmemora el d\u00eda Mundial del Reciclador de Base, como una manera de recordar la labor que realizan estas personas en la gesti\u00f3n de residuos que generamos d\u00eda a d\u00eda. A\u00a0nivel mundial, se estima que cerca de 15 millones de personas se dedica a esta labor, 4 millones se\u00a0encuentran en Am\u00e9rica &hellip;<\/p>\n","protected":false},"author":1,"featured_media":18815,"comment_status":"closed","ping_status":"open","sticky":false,"template":"","format":"standard","meta":{"footnotes":""},"categories":[178,182,176,189],"tags":[],"class_list":["post-18814","post","type-post","status-publish","format-standard","has-post-thumbnail","","category-178","category-efemerides","category-medioambiente","category-rubendariosustentable"],"publishpress_future_action":{"enabled":false,"date":"2026-05-10 11:09:32","action":"change-status","newStatus":"draft","terms":[],"taxonomy":"category","extraData":[]},"publishpress_future_workflow_manual_trigger":{"enabledWorkflows":[]},"_links":{"self":[{"href":"https:\/\/www.rubendario.cl\/sitio\/wp-json\/wp\/v2\/posts\/18814","targetHints":{"allow":["GET"]}}],"collection":[{"href":"https:\/\/www.rubendario.cl\/sitio\/wp-json\/wp\/v2\/posts"}],"about":[{"href":"https:\/\/www.rubendario.cl\/sitio\/wp-json\/wp\/v2\/types\/post"}],"author":[{"embeddable":true,"href":"https:\/\/www.rubendario.cl\/sitio\/wp-json\/wp\/v2\/users\/1"}],"replies":[{"embeddable":true,"href":"https:\/\/www.rubendario.cl\/sitio\/wp-json\/wp\/v2\/comments?post=18814"}],"version-history":[{"count":0,"href":"https:\/\/www.rubendario.cl\/sitio\/wp-json\/wp\/v2\/posts\/18814\/revisions"}],"wp:featuredmedia":[{"embeddable":true,"href":"https:\/\/www.rubendario.cl\/sitio\/wp-json\/wp\/v2\/media\/18815"}],"wp:attachment":[{"href":"https:\/\/www.rubendario.cl\/sitio\/wp-json\/wp\/v2\/media?parent=18814"}],"wp:term":[{"taxonomy":"category","embeddable":true,"href":"https:\/\/www.rubendario.cl\/sitio\/wp-json\/wp\/v2\/categories?post=18814"},{"taxonomy":"post_tag","embeddable":true,"href":"https:\/\/www.rubendario.cl\/sitio\/wp-json\/wp\/v2\/tags?post=18814"}],"curies":[{"name":"wp","href":"https:\/\/api.w.org\/{rel}","templated":true}]}}