{"id":18844,"date":"2021-03-03T11:38:32","date_gmt":"2021-03-03T14:38:32","guid":{"rendered":"https:\/\/www.rubendario.cl\/sitio\/?p=18844"},"modified":"2021-07-16T15:37:35","modified_gmt":"2021-07-16T19:37:35","slug":"dia-mundial-de-la-naturaleza","status":"publish","type":"post","link":"https:\/\/www.rubendario.cl\/sitio\/dia-mundial-de-la-naturaleza\/","title":{"rendered":"D\u00eda Mundial de la Naturaleza"},"content":{"rendered":"<p><img loading=\"lazy\" decoding=\"async\" class=\"aligncenter size-full wp-image-18845\" src=\"https:\/\/www.rubendario.cl\/sitio\/wp-content\/uploads\/2021\/03\/Portada-D\u00eda-de-la-Naturaleza.png\" alt=\"\" width=\"660\" height=\"351\" srcset=\"https:\/\/www.rubendario.cl\/sitio\/wp-content\/uploads\/2021\/03\/Portada-D\u00eda-de-la-Naturaleza.png 660w, https:\/\/www.rubendario.cl\/sitio\/wp-content\/uploads\/2021\/03\/Portada-D\u00eda-de-la-Naturaleza-300x160.png 300w, https:\/\/www.rubendario.cl\/sitio\/wp-content\/uploads\/2021\/03\/Portada-D\u00eda-de-la-Naturaleza-460x245.png 460w, https:\/\/www.rubendario.cl\/sitio\/wp-content\/uploads\/2021\/03\/Portada-D\u00eda-de-la-Naturaleza-310x165.png 310w\" sizes=\"auto, (max-width: 660px) 100vw, 660px\" \/><\/p>\n<p>Hoy <strong>3 de marzo<\/strong> se celebra a nivel global el <strong>D\u00eda Mundial de la Naturaleza<\/strong>, fecha que instaur\u00f3 la <strong>Organizaci\u00f3n de las Naciones Unidas ONU<\/strong> para poner en valor la flora y fauna silvestre de nuestro\u00a0planeta, y hacer un llamado a la necesidad de conservarla.<\/p>\n<p>El <strong>3 de marzo de 1975<\/strong> se aprob\u00f3 la <strong>Convenci\u00f3n sobre el Comercio Internacional de Especies Amenazadas de Fauna y Flora Silvestres<\/strong>, y desde aquel d\u00eda, cada a\u00f1o se celebra esta efem\u00e9ride.<\/p>\n<p>Conceptos como medio ambiente, entorno, biodiversidad, sustentabilidad, h\u00e1bitat, cambio clim\u00e1tico, entre otros que han surgido en los \u00faltimos a\u00f1os, han adquirido gran importancia y\u00a0atenci\u00f3n en la discusi\u00f3n p\u00fablica y en nuestro diario vivir, pero que, en definitiva, hacen alusi\u00f3n a la\u00a0relaci\u00f3n entre el ser humano con la Tierra, y la responsabilidad que tenemos con el espacio que\u00a0todos y todas habitamos.<\/p>\n<p>&nbsp;<\/p>\n<p>\u00c1rea de Medio Ambiente, Convivencia Escolar,<br \/>\nColegio Poeta Rub\u00e9n Dar\u00edo<\/p>\n","protected":false},"excerpt":{"rendered":"<p>Hoy 3 de marzo se celebra a nivel global el D\u00eda Mundial de la Naturaleza, fecha que instaur\u00f3 la Organizaci\u00f3n de las Naciones Unidas ONU para poner en valor la flora y fauna silvestre de nuestro\u00a0planeta, y hacer un llamado a la necesidad de conservarla. El 3 de marzo de 1975 se aprob\u00f3 la Convenci\u00f3n &hellip;<\/p>\n","protected":false},"author":1,"featured_media":18845,"comment_status":"closed","ping_status":"open","sticky":false,"template":"","format":"standard","meta":{"footnotes":""},"categories":[178,182,176,186,72,189],"tags":[],"class_list":["post-18844","post","type-post","status-publish","format-standard","has-post-thumbnail","","category-178","category-efemerides","category-medioambiente","category-notas","category-noticias","category-rubendariosustentable"],"publishpress_future_action":{"enabled":false,"date":"2026-05-10 12:52:59","action":"change-status","newStatus":"draft","terms":[],"taxonomy":"category","extraData":[]},"publishpress_future_workflow_manual_trigger":{"enabledWorkflows":[]},"_links":{"self":[{"href":"https:\/\/www.rubendario.cl\/sitio\/wp-json\/wp\/v2\/posts\/18844","targetHints":{"allow":["GET"]}}],"collection":[{"href":"https:\/\/www.rubendario.cl\/sitio\/wp-json\/wp\/v2\/posts"}],"about":[{"href":"https:\/\/www.rubendario.cl\/sitio\/wp-json\/wp\/v2\/types\/post"}],"author":[{"embeddable":true,"href":"https:\/\/www.rubendario.cl\/sitio\/wp-json\/wp\/v2\/users\/1"}],"replies":[{"embeddable":true,"href":"https:\/\/www.rubendario.cl\/sitio\/wp-json\/wp\/v2\/comments?post=18844"}],"version-history":[{"count":0,"href":"https:\/\/www.rubendario.cl\/sitio\/wp-json\/wp\/v2\/posts\/18844\/revisions"}],"wp:featuredmedia":[{"embeddable":true,"href":"https:\/\/www.rubendario.cl\/sitio\/wp-json\/wp\/v2\/media\/18845"}],"wp:attachment":[{"href":"https:\/\/www.rubendario.cl\/sitio\/wp-json\/wp\/v2\/media?parent=18844"}],"wp:term":[{"taxonomy":"category","embeddable":true,"href":"https:\/\/www.rubendario.cl\/sitio\/wp-json\/wp\/v2\/categories?post=18844"},{"taxonomy":"post_tag","embeddable":true,"href":"https:\/\/www.rubendario.cl\/sitio\/wp-json\/wp\/v2\/tags?post=18844"}],"curies":[{"name":"wp","href":"https:\/\/api.w.org\/{rel}","templated":true}]}}