{"id":18847,"date":"2021-03-05T08:09:52","date_gmt":"2021-03-05T11:09:52","guid":{"rendered":"https:\/\/www.rubendario.cl\/sitio\/?p=18847"},"modified":"2021-07-16T15:37:35","modified_gmt":"2021-07-16T19:37:35","slug":"dia-mundial-de-la-eficiencia-energetica","status":"publish","type":"post","link":"https:\/\/www.rubendario.cl\/sitio\/dia-mundial-de-la-eficiencia-energetica\/","title":{"rendered":"D\u00eda Mundial de la Eficiencia Energ\u00e9tica"},"content":{"rendered":"<p><img loading=\"lazy\" decoding=\"async\" class=\"aligncenter size-full wp-image-18848\" src=\"https:\/\/www.rubendario.cl\/sitio\/wp-content\/uploads\/2021\/03\/Eficiencia-Energ\u00e9tica.png\" alt=\"\" width=\"660\" height=\"351\" srcset=\"https:\/\/www.rubendario.cl\/sitio\/wp-content\/uploads\/2021\/03\/Eficiencia-Energ\u00e9tica.png 660w, https:\/\/www.rubendario.cl\/sitio\/wp-content\/uploads\/2021\/03\/Eficiencia-Energ\u00e9tica-300x160.png 300w, https:\/\/www.rubendario.cl\/sitio\/wp-content\/uploads\/2021\/03\/Eficiencia-Energ\u00e9tica-460x245.png 460w, https:\/\/www.rubendario.cl\/sitio\/wp-content\/uploads\/2021\/03\/Eficiencia-Energ\u00e9tica-310x165.png 310w\" sizes=\"auto, (max-width: 660px) 100vw, 660px\" \/><\/p>\n<p>Hoy 5 de marzo se celebra a nivel global el <strong>D\u00eda Mundial de la Eficiencia Energ\u00e9tica<\/strong>, cuyo principal objetivo es que podamos reflexionar sobre c\u00f3mo utilizamos la energ\u00eda y de qu\u00e9 manera podemos\u00a0utilizarla m\u00e1s eficientemente. Este d\u00eda surgi\u00f3 como celebraci\u00f3n y se ha establecido como\u00a0efem\u00e9ride ambiental a nivel mundial desde el a\u00f1o 1998, cuando se celebr\u00f3 la primera <strong>Conferencia\u00a0Internacional de Eficiencia Energ\u00e9tica en Austria<\/strong>.<\/p>\n<p>La eficiencia energ\u00e9tica contribuye a la protecci\u00f3n del Planeta no solo en el momento actual, sino que tambi\u00e9n, en los pr\u00f3ximos a\u00f1os y d\u00e9cadas, a trav\u00e9s de acciones y procesos que representen\u00a0una menor emisi\u00f3n de CO2 a la atm\u00f3sfera. Seg\u00fan datos de la <strong>Global Footprint Network<\/strong>, en la\u00a0actualidad se requieren 1,6 planetas Tierra para alcanzar los recursos que son utilizadas a\u00f1o tras\u00a0a\u00f1o; y se estima que para el a\u00f1o 2030, esta cifra ascienda a 2 planetas Tierra.<\/p>\n<p>En este escenario, es que, a trav\u00e9s de la celebraci\u00f3n de este d\u00eda, se busca que la poblaci\u00f3n mundial\u00a0pueda tomar conciencia de la realidad en la que vivimos, y espec\u00edficamente, referido al tema que\u00a0se aborda en este art\u00edculo, se puedan optimizar los procesos de producci\u00f3n y consumo de energ\u00eda,\u00a0invertir en fuentes de energ\u00eda renovable, fomentar el consumo responsable y el reciclaje.<\/p>\n<p>Como <strong>Colegio Poeta Rub\u00e9n Dar\u00edo<\/strong>, hemos considerado estos puntos fundamentales en lo que\u00a0respecta a la eficiencia energ\u00e9tica, y desde hace unos a\u00f1os hasta ahora, se ha trabajado en que\u00a0cada a\u00f1o podamos avanzar en una mayor eficiencia en el consumo de la energ\u00eda que nos permite\u00a0funcionar d\u00eda a d\u00eda en nuestras dependencias. Para ello, <strong>se ha cambiado el sistema de luminaria<\/strong>,\u00a0optimizando de esta manera el consumo de energ\u00eda; se ha mejorado el dise\u00f1o de ventanas y\u00a0puertas, para as\u00ed controlar de mejor manera la temperatura al interior de las salas y oficinas; se estima que para este a\u00f1o 2021 cada una de las salas de clases, salas de reuniones y oficinas\u00a0cuenten con aire acondicionado\/calefacci\u00f3n, lo cual permitir\u00eda reducir el consumo de energ\u00eda\u00a0actual; y por \u00faltimo, la instalaci\u00f3n de paneles que utilicen energ\u00eda solar. Lo anterior, se enmarca\u00a0dentro del <strong>Plan de Eficiencia Energ\u00e9tica de la Pol\u00edtica de Sustentabilidad del Colegio<\/strong>, el cual define\u00a0lineamientos y acciones concretas para reducir el consumo energ\u00e9tico actual.<\/p>\n<h4>\u00bfQu\u00e9 puedes hacer en tu casa?<\/h4>\n<p>Te invitamos a realizar acciones sencillas que contribuyen a la eficiencia energ\u00e9tica:<\/p>\n<ul>\n<li>Aprovechar las horas de luz natural para nuestras tareas que requieren m\u00e1s iluminaci\u00f3n<\/li>\n<li>Apagar luces y dispositivos el\u00e9ctricos cuando no se est\u00e1n utilizando<\/li>\n<li>Sustituir electrodom\u00e9sticos antiguos por nuevos con certificaci\u00f3n A y usarlos<br \/>\nracionalmente<\/li>\n<li>Priorizar el transporte p\u00fablico o movilizarse en bicicleta<\/li>\n<\/ul>\n<p>&nbsp;<\/p>\n<p>\u00c1rea de Medio Ambiente, Convivencia Escolar,<br \/>\nColegio Poeta Rub\u00e9n Dar\u00edo<\/p>\n","protected":false},"excerpt":{"rendered":"<p>Hoy 5 de marzo se celebra a nivel global el D\u00eda Mundial de la Eficiencia Energ\u00e9tica, cuyo principal objetivo es que podamos reflexionar sobre c\u00f3mo utilizamos la energ\u00eda y de qu\u00e9 manera podemos\u00a0utilizarla m\u00e1s eficientemente. Este d\u00eda surgi\u00f3 como celebraci\u00f3n y se ha establecido como\u00a0efem\u00e9ride ambiental a nivel mundial desde el a\u00f1o 1998, cuando se &hellip;<\/p>\n","protected":false},"author":1,"featured_media":18848,"comment_status":"closed","ping_status":"open","sticky":false,"template":"","format":"standard","meta":{"footnotes":""},"categories":[178,182,176,186,72,189],"tags":[],"class_list":["post-18847","post","type-post","status-publish","format-standard","has-post-thumbnail","","category-178","category-efemerides","category-medioambiente","category-notas","category-noticias","category-rubendariosustentable"],"publishpress_future_action":{"enabled":false,"date":"2026-05-10 12:53:07","action":"change-status","newStatus":"draft","terms":[],"taxonomy":"category","extraData":[]},"publishpress_future_workflow_manual_trigger":{"enabledWorkflows":[]},"_links":{"self":[{"href":"https:\/\/www.rubendario.cl\/sitio\/wp-json\/wp\/v2\/posts\/18847","targetHints":{"allow":["GET"]}}],"collection":[{"href":"https:\/\/www.rubendario.cl\/sitio\/wp-json\/wp\/v2\/posts"}],"about":[{"href":"https:\/\/www.rubendario.cl\/sitio\/wp-json\/wp\/v2\/types\/post"}],"author":[{"embeddable":true,"href":"https:\/\/www.rubendario.cl\/sitio\/wp-json\/wp\/v2\/users\/1"}],"replies":[{"embeddable":true,"href":"https:\/\/www.rubendario.cl\/sitio\/wp-json\/wp\/v2\/comments?post=18847"}],"version-history":[{"count":0,"href":"https:\/\/www.rubendario.cl\/sitio\/wp-json\/wp\/v2\/posts\/18847\/revisions"}],"wp:featuredmedia":[{"embeddable":true,"href":"https:\/\/www.rubendario.cl\/sitio\/wp-json\/wp\/v2\/media\/18848"}],"wp:attachment":[{"href":"https:\/\/www.rubendario.cl\/sitio\/wp-json\/wp\/v2\/media?parent=18847"}],"wp:term":[{"taxonomy":"category","embeddable":true,"href":"https:\/\/www.rubendario.cl\/sitio\/wp-json\/wp\/v2\/categories?post=18847"},{"taxonomy":"post_tag","embeddable":true,"href":"https:\/\/www.rubendario.cl\/sitio\/wp-json\/wp\/v2\/tags?post=18847"}],"curies":[{"name":"wp","href":"https:\/\/api.w.org\/{rel}","templated":true}]}}