{"id":18901,"date":"2021-03-21T09:00:58","date_gmt":"2021-03-21T12:00:58","guid":{"rendered":"https:\/\/www.rubendario.cl\/sitio\/?p=18901"},"modified":"2021-07-16T15:37:35","modified_gmt":"2021-07-16T19:37:35","slug":"dia-internacional-de-los-bosques","status":"publish","type":"post","link":"https:\/\/www.rubendario.cl\/sitio\/dia-internacional-de-los-bosques\/","title":{"rendered":"D\u00eda Internacional de los Bosques"},"content":{"rendered":"<p style=\"text-align: left;\"><img loading=\"lazy\" decoding=\"async\" class=\"aligncenter size-full wp-image-18902\" src=\"https:\/\/www.rubendario.cl\/sitio\/wp-content\/uploads\/2021\/03\/D\u00eda-internacional-de-los-bosques.png\" alt=\"\" width=\"660\" height=\"351\" srcset=\"https:\/\/www.rubendario.cl\/sitio\/wp-content\/uploads\/2021\/03\/D\u00eda-internacional-de-los-bosques.png 660w, https:\/\/www.rubendario.cl\/sitio\/wp-content\/uploads\/2021\/03\/D\u00eda-internacional-de-los-bosques-300x160.png 300w, https:\/\/www.rubendario.cl\/sitio\/wp-content\/uploads\/2021\/03\/D\u00eda-internacional-de-los-bosques-460x245.png 460w, https:\/\/www.rubendario.cl\/sitio\/wp-content\/uploads\/2021\/03\/D\u00eda-internacional-de-los-bosques-310x165.png 310w\" sizes=\"auto, (max-width: 660px) 100vw, 660px\" \/><\/p>\n<p style=\"text-align: left;\">Hoy 21 de marzo se celebra a nivel global el <strong>D\u00eda Internacional de los Bosques<\/strong>, con el objetivo de promover el cuidado y la protecci\u00f3n de los bosques, cuya superficie alcanza cerca del 31% de la superficie terrestre del planeta. Este d\u00eda se comenz\u00f3 a celebrar desde el a\u00f1o 2012 en adelante, a partir de la proclamaci\u00f3n realizada por la <strong>Asamblea General de las Naciones Unidas<\/strong>, y tiene como organismos colaboradores al <strong>Foro de las Naciones Unidas<\/strong> <strong>para los Bosques, la Organizaci\u00f3n de las Naciones Unidas para la Alimentaci\u00f3n y la Agricultura (FAO)<\/strong>, entre otras.<\/p>\n<p>Este a\u00f1o 2021, el tema a celebrar en este d\u00eda corresponde a la restauraci\u00f3n forestal, con el objetivo de afrontar la crisis clim\u00e1tica y de la biodiversidad.<\/p>\n<p>A continuaci\u00f3n, te invitamos a revisar el siguiente video que ha realizado <strong>FAO<\/strong> para conmemorar este d\u00eda.<\/p>\n<p style=\"text-align: center;\"><iframe loading=\"lazy\" title=\"YouTube video player\" src=\"https:\/\/www.youtube.com\/embed\/bUNqIJzviQQ\" width=\"560\" height=\"315\" frameborder=\"0\" allowfullscreen=\"allowfullscreen\"><\/iframe><\/p>\n<p style=\"text-align: left;\">\n<p style=\"text-align: left;\">\u00c1rea de Medio Ambiente, Convivencia Escolar,<br \/>\nColegio Poeta Rub\u00e9n Dar\u00edo<\/p>\n<p style=\"text-align: left;\">\n<p style=\"text-align: left;\">\n<p style=\"text-align: left;\">\n","protected":false},"excerpt":{"rendered":"<p>Hoy 21 de marzo se celebra a nivel global el D\u00eda Internacional de los Bosques, con el objetivo de promover el cuidado y la protecci\u00f3n de los bosques, cuya superficie alcanza cerca del 31% de la superficie terrestre del planeta. Este d\u00eda se comenz\u00f3 a celebrar desde el a\u00f1o 2012 en adelante, a partir de &hellip;<\/p>\n","protected":false},"author":1,"featured_media":18902,"comment_status":"closed","ping_status":"open","sticky":false,"template":"","format":"standard","meta":{"footnotes":""},"categories":[178,31,104,182,176,186,72,189],"tags":[],"class_list":["post-18901","post","type-post","status-publish","format-standard","has-post-thumbnail","","category-178","category-colegio","category-colegio-en-maipu","category-efemerides","category-medioambiente","category-notas","category-noticias","category-rubendariosustentable"],"publishpress_future_action":{"enabled":false,"date":"2026-05-10 11:54:14","action":"change-status","newStatus":"draft","terms":[],"taxonomy":"category","extraData":[]},"publishpress_future_workflow_manual_trigger":{"enabledWorkflows":[]},"_links":{"self":[{"href":"https:\/\/www.rubendario.cl\/sitio\/wp-json\/wp\/v2\/posts\/18901","targetHints":{"allow":["GET"]}}],"collection":[{"href":"https:\/\/www.rubendario.cl\/sitio\/wp-json\/wp\/v2\/posts"}],"about":[{"href":"https:\/\/www.rubendario.cl\/sitio\/wp-json\/wp\/v2\/types\/post"}],"author":[{"embeddable":true,"href":"https:\/\/www.rubendario.cl\/sitio\/wp-json\/wp\/v2\/users\/1"}],"replies":[{"embeddable":true,"href":"https:\/\/www.rubendario.cl\/sitio\/wp-json\/wp\/v2\/comments?post=18901"}],"version-history":[{"count":0,"href":"https:\/\/www.rubendario.cl\/sitio\/wp-json\/wp\/v2\/posts\/18901\/revisions"}],"wp:featuredmedia":[{"embeddable":true,"href":"https:\/\/www.rubendario.cl\/sitio\/wp-json\/wp\/v2\/media\/18902"}],"wp:attachment":[{"href":"https:\/\/www.rubendario.cl\/sitio\/wp-json\/wp\/v2\/media?parent=18901"}],"wp:term":[{"taxonomy":"category","embeddable":true,"href":"https:\/\/www.rubendario.cl\/sitio\/wp-json\/wp\/v2\/categories?post=18901"},{"taxonomy":"post_tag","embeddable":true,"href":"https:\/\/www.rubendario.cl\/sitio\/wp-json\/wp\/v2\/tags?post=18901"}],"curies":[{"name":"wp","href":"https:\/\/api.w.org\/{rel}","templated":true}]}}