{"id":18907,"date":"2021-03-22T08:00:10","date_gmt":"2021-03-22T11:00:10","guid":{"rendered":"https:\/\/www.rubendario.cl\/sitio\/?p=18907"},"modified":"2021-07-16T15:37:35","modified_gmt":"2021-07-16T19:37:35","slug":"dia-mundial-del-agua","status":"publish","type":"post","link":"https:\/\/www.rubendario.cl\/sitio\/dia-mundial-del-agua\/","title":{"rendered":"D\u00eda Mundial del Agua"},"content":{"rendered":"<p><img loading=\"lazy\" decoding=\"async\" class=\"aligncenter size-full wp-image-18903\" src=\"https:\/\/www.rubendario.cl\/sitio\/wp-content\/uploads\/2021\/03\/D\u00eda-mundial-del-agua.png\" alt=\"\" width=\"660\" height=\"351\" srcset=\"https:\/\/www.rubendario.cl\/sitio\/wp-content\/uploads\/2021\/03\/D\u00eda-mundial-del-agua.png 660w, https:\/\/www.rubendario.cl\/sitio\/wp-content\/uploads\/2021\/03\/D\u00eda-mundial-del-agua-300x160.png 300w, https:\/\/www.rubendario.cl\/sitio\/wp-content\/uploads\/2021\/03\/D\u00eda-mundial-del-agua-460x245.png 460w, https:\/\/www.rubendario.cl\/sitio\/wp-content\/uploads\/2021\/03\/D\u00eda-mundial-del-agua-310x165.png 310w\" sizes=\"auto, (max-width: 660px) 100vw, 660px\" \/><\/p>\n<p>Hoy 22 de marzo se celebra a nivel global el <strong>D\u00eda Mundial del Agua<\/strong>, con el objetivo de recordar la\u00a0importancia que tiene este recurso, y m\u00e1s a\u00fan, la relevancia que posee para nuestras vidas, en\u00a0actividades sociales, econ\u00f3micas y culturales que realizamos d\u00eda a d\u00eda.<\/p>\n<p>A continuaci\u00f3n, te invitamos a revisar la siguiente infograf\u00eda que hemos preparado en este d\u00eda.<\/p>\n<p>&nbsp;<\/p>\n<p>\u00c1rea de Medio Ambiente, Convivencia Escolar,<br \/>\nColegio Poeta Rub\u00e9n Dar\u00edo<\/p>\n<p>&nbsp;<\/p>\n<p><img loading=\"lazy\" decoding=\"async\" class=\"aligncenter size-full wp-image-18908\" src=\"https:\/\/www.rubendario.cl\/sitio\/wp-content\/uploads\/2021\/03\/Infografia-dia-del-agua.png\" alt=\"\" width=\"1080\" height=\"1080\" srcset=\"https:\/\/www.rubendario.cl\/sitio\/wp-content\/uploads\/2021\/03\/Infografia-dia-del-agua.png 1080w, https:\/\/www.rubendario.cl\/sitio\/wp-content\/uploads\/2021\/03\/Infografia-dia-del-agua-150x150.png 150w, https:\/\/www.rubendario.cl\/sitio\/wp-content\/uploads\/2021\/03\/Infografia-dia-del-agua-300x300.png 300w, https:\/\/www.rubendario.cl\/sitio\/wp-content\/uploads\/2021\/03\/Infografia-dia-del-agua-768x768.png 768w, https:\/\/www.rubendario.cl\/sitio\/wp-content\/uploads\/2021\/03\/Infografia-dia-del-agua-460x460.png 460w\" sizes=\"auto, (max-width: 1080px) 100vw, 1080px\" \/><\/p>\n","protected":false},"excerpt":{"rendered":"<p>Hoy 22 de marzo se celebra a nivel global el D\u00eda Mundial del Agua, con el objetivo de recordar la\u00a0importancia que tiene este recurso, y m\u00e1s a\u00fan, la relevancia que posee para nuestras vidas, en\u00a0actividades sociales, econ\u00f3micas y culturales que realizamos d\u00eda a d\u00eda. A continuaci\u00f3n, te invitamos a revisar la siguiente infograf\u00eda que hemos &hellip;<\/p>\n","protected":false},"author":1,"featured_media":18903,"comment_status":"closed","ping_status":"open","sticky":false,"template":"","format":"standard","meta":{"footnotes":""},"categories":[178,31,104,182,176,186,72,189],"tags":[],"class_list":["post-18907","post","type-post","status-publish","format-standard","has-post-thumbnail","","category-178","category-colegio","category-colegio-en-maipu","category-efemerides","category-medioambiente","category-notas","category-noticias","category-rubendariosustentable"],"publishpress_future_action":{"enabled":false,"date":"2026-05-10 11:18:47","action":"change-status","newStatus":"draft","terms":[],"taxonomy":"category","extraData":[]},"publishpress_future_workflow_manual_trigger":{"enabledWorkflows":[]},"_links":{"self":[{"href":"https:\/\/www.rubendario.cl\/sitio\/wp-json\/wp\/v2\/posts\/18907","targetHints":{"allow":["GET"]}}],"collection":[{"href":"https:\/\/www.rubendario.cl\/sitio\/wp-json\/wp\/v2\/posts"}],"about":[{"href":"https:\/\/www.rubendario.cl\/sitio\/wp-json\/wp\/v2\/types\/post"}],"author":[{"embeddable":true,"href":"https:\/\/www.rubendario.cl\/sitio\/wp-json\/wp\/v2\/users\/1"}],"replies":[{"embeddable":true,"href":"https:\/\/www.rubendario.cl\/sitio\/wp-json\/wp\/v2\/comments?post=18907"}],"version-history":[{"count":0,"href":"https:\/\/www.rubendario.cl\/sitio\/wp-json\/wp\/v2\/posts\/18907\/revisions"}],"wp:featuredmedia":[{"embeddable":true,"href":"https:\/\/www.rubendario.cl\/sitio\/wp-json\/wp\/v2\/media\/18903"}],"wp:attachment":[{"href":"https:\/\/www.rubendario.cl\/sitio\/wp-json\/wp\/v2\/media?parent=18907"}],"wp:term":[{"taxonomy":"category","embeddable":true,"href":"https:\/\/www.rubendario.cl\/sitio\/wp-json\/wp\/v2\/categories?post=18907"},{"taxonomy":"post_tag","embeddable":true,"href":"https:\/\/www.rubendario.cl\/sitio\/wp-json\/wp\/v2\/tags?post=18907"}],"curies":[{"name":"wp","href":"https:\/\/api.w.org\/{rel}","templated":true}]}}