{"id":18923,"date":"2021-03-21T20:13:01","date_gmt":"2021-03-21T23:13:01","guid":{"rendered":"https:\/\/www.rubendario.cl\/sitio\/?p=18923"},"modified":"2021-07-06T15:36:06","modified_gmt":"2021-07-06T19:36:06","slug":"mineduc-realiza-reconocimiento-a-alumnos-destacados-que-optaron-por-estudiar-pedagogia","status":"publish","type":"post","link":"https:\/\/www.rubendario.cl\/sitio\/mineduc-realiza-reconocimiento-a-alumnos-destacados-que-optaron-por-estudiar-pedagogia\/","title":{"rendered":"Mineduc realiza reconocimiento a alumnos destacados que optaron por estudiar pedagog\u00eda"},"content":{"rendered":"<p><img loading=\"lazy\" decoding=\"async\" class=\"aligncenter size-full wp-image-18924\" src=\"https:\/\/www.rubendario.cl\/sitio\/wp-content\/uploads\/2021\/03\/banner-alumnos.png\" alt=\"\" width=\"660\" height=\"351\" srcset=\"https:\/\/www.rubendario.cl\/sitio\/wp-content\/uploads\/2021\/03\/banner-alumnos.png 660w, https:\/\/www.rubendario.cl\/sitio\/wp-content\/uploads\/2021\/03\/banner-alumnos-300x160.png 300w, https:\/\/www.rubendario.cl\/sitio\/wp-content\/uploads\/2021\/03\/banner-alumnos-460x245.png 460w, https:\/\/www.rubendario.cl\/sitio\/wp-content\/uploads\/2021\/03\/banner-alumnos-310x165.png 310w\" sizes=\"auto, (max-width: 660px) 100vw, 660px\" \/><\/p>\n<p>Saludamos a la generaci\u00f3n de estudiantes <strong>de nuestro colegio<\/strong> que rindieron la prueba de selecci\u00f3n universitaria, cumplieron con el proceso de postulaci\u00f3n y se encuentran viviendo sus primeras clases como universitarios.<\/p>\n<p>Los buenos resultados que ellos obtuvieron les permitieron ingresar a las carreras de sus preferencias, ante lo cual nos sentimos orgullosos y convencidos de que se convertir\u00e1n en brillantes profesionales que aportar\u00e1n con su sabidur\u00eda al crecimiento de nuestro pa\u00eds.<\/p>\n<p>Se cumple en gran medida nuestro prop\u00f3sito; la formaci\u00f3n acad\u00e9mica e integral para que nuestros estudiantes entren a la universidad que ellos quieren, a estudiar la carrera que ellos quieran.<\/p>\n<p>Compartimos el ejemplo de nuestra querida estudiante <strong>Jouliette Flores Guerrero<\/strong>, galardonada en la ceremonia de licenciatura por su destacado rendimiento, excelentes notas, quien adem\u00e1s obtuvo un buen\u00edsimo resultado en la\u00a0PSU y <strong>se ha inclinado por estudiar Pedagog\u00eda en Ingl\u00e9s en la Pontificia Universidad Cat\u00f3lica.<\/strong><\/p>\n<p>Felicitamos con mucho cari\u00f1o a cada uno de ustedes; sus sue\u00f1os comienzan a materializarse producto de vuestro esfuerzo y disciplina!<\/p>\n<p>&nbsp;<\/p>\n<p><a href=\"http:\/\/bit.ly\/lt-alumnosdestacados\"><img loading=\"lazy\" decoding=\"async\" class=\"aligncenter wp-image-18925 size-medium\" src=\"https:\/\/www.rubendario.cl\/sitio\/wp-content\/uploads\/2021\/03\/logo_latercera-300x76.png\" alt=\"\" width=\"300\" height=\"76\" srcset=\"https:\/\/www.rubendario.cl\/sitio\/wp-content\/uploads\/2021\/03\/logo_latercera-300x76.png 300w, https:\/\/www.rubendario.cl\/sitio\/wp-content\/uploads\/2021\/03\/logo_latercera-460x117.png 460w, https:\/\/www.rubendario.cl\/sitio\/wp-content\/uploads\/2021\/03\/logo_latercera.png 512w\" sizes=\"auto, (max-width: 300px) 100vw, 300px\" \/><\/a><\/p>\n","protected":false},"excerpt":{"rendered":"<p>Saludamos a la generaci\u00f3n de estudiantes de nuestro colegio que rindieron la prueba de selecci\u00f3n universitaria, cumplieron con el proceso de postulaci\u00f3n y se encuentran viviendo sus primeras clases como universitarios. Los buenos resultados que ellos obtuvieron les permitieron ingresar a las carreras de sus preferencias, ante lo cual nos sentimos orgullosos y convencidos de &hellip;<\/p>\n","protected":false},"author":1,"featured_media":18924,"comment_status":"closed","ping_status":"open","sticky":false,"template":"","format":"standard","meta":{"footnotes":""},"categories":[178,31,104,186,72],"tags":[],"class_list":["post-18923","post","type-post","status-publish","format-standard","has-post-thumbnail","","category-178","category-colegio","category-colegio-en-maipu","category-notas","category-noticias"],"publishpress_future_action":{"enabled":false,"date":"2026-05-10 12:21:25","action":"change-status","newStatus":"draft","terms":[],"taxonomy":"category","extraData":[]},"publishpress_future_workflow_manual_trigger":{"enabledWorkflows":[]},"_links":{"self":[{"href":"https:\/\/www.rubendario.cl\/sitio\/wp-json\/wp\/v2\/posts\/18923","targetHints":{"allow":["GET"]}}],"collection":[{"href":"https:\/\/www.rubendario.cl\/sitio\/wp-json\/wp\/v2\/posts"}],"about":[{"href":"https:\/\/www.rubendario.cl\/sitio\/wp-json\/wp\/v2\/types\/post"}],"author":[{"embeddable":true,"href":"https:\/\/www.rubendario.cl\/sitio\/wp-json\/wp\/v2\/users\/1"}],"replies":[{"embeddable":true,"href":"https:\/\/www.rubendario.cl\/sitio\/wp-json\/wp\/v2\/comments?post=18923"}],"version-history":[{"count":0,"href":"https:\/\/www.rubendario.cl\/sitio\/wp-json\/wp\/v2\/posts\/18923\/revisions"}],"wp:featuredmedia":[{"embeddable":true,"href":"https:\/\/www.rubendario.cl\/sitio\/wp-json\/wp\/v2\/media\/18924"}],"wp:attachment":[{"href":"https:\/\/www.rubendario.cl\/sitio\/wp-json\/wp\/v2\/media?parent=18923"}],"wp:term":[{"taxonomy":"category","embeddable":true,"href":"https:\/\/www.rubendario.cl\/sitio\/wp-json\/wp\/v2\/categories?post=18923"},{"taxonomy":"post_tag","embeddable":true,"href":"https:\/\/www.rubendario.cl\/sitio\/wp-json\/wp\/v2\/tags?post=18923"}],"curies":[{"name":"wp","href":"https:\/\/api.w.org\/{rel}","templated":true}]}}