{"id":19357,"date":"2021-05-17T08:00:21","date_gmt":"2021-05-17T12:00:21","guid":{"rendered":"https:\/\/www.rubendario.cl\/sitio\/?p=19357"},"modified":"2021-07-16T15:37:35","modified_gmt":"2021-07-16T19:37:35","slug":"dia-mundial-del-reciclaje","status":"publish","type":"post","link":"https:\/\/www.rubendario.cl\/sitio\/dia-mundial-del-reciclaje\/","title":{"rendered":"D\u00eda Mundial del Reciclaje"},"content":{"rendered":"<p><img loading=\"lazy\" decoding=\"async\" class=\"aligncenter size-full wp-image-19359\" src=\"https:\/\/www.rubendario.cl\/sitio\/wp-content\/uploads\/2021\/05\/D\u00eda-Mundial-del-Reciclaje.png\" alt=\"\" width=\"660\" height=\"351\" srcset=\"https:\/\/www.rubendario.cl\/sitio\/wp-content\/uploads\/2021\/05\/D\u00eda-Mundial-del-Reciclaje.png 660w, https:\/\/www.rubendario.cl\/sitio\/wp-content\/uploads\/2021\/05\/D\u00eda-Mundial-del-Reciclaje-300x160.png 300w, https:\/\/www.rubendario.cl\/sitio\/wp-content\/uploads\/2021\/05\/D\u00eda-Mundial-del-Reciclaje-460x245.png 460w, https:\/\/www.rubendario.cl\/sitio\/wp-content\/uploads\/2021\/05\/D\u00eda-Mundial-del-Reciclaje-310x165.png 310w\" sizes=\"auto, (max-width: 660px) 100vw, 660px\" \/><\/p>\n<p>Hoy 17 de mayo se celebra a nivel global el <strong>D\u00eda Mundial del Reciclaje<\/strong>, cuyo objetivo es concientizar a las personas sobre la importancia de la gesti\u00f3n de nuestros residuos, para as\u00ed, contribuir a\u00a0disminuir los efectos del cambio, cuidando nuestro entorno socio-natural.<\/p>\n<p>En la actualidad, en el <strong>Colegio Poeta Rub\u00e9n Dar\u00edo<\/strong> se est\u00e1n llevando a cabo una serie de iniciativas enfocadas en el cuidado del medio ambiente, espec\u00edficamente en torno al reciclaje. Algunas de\u00a0ellas se presentan en la infograf\u00eda que hemos preparado y que puedes ver en detalle m\u00e1s abajo:<\/p>\n<p><img loading=\"lazy\" decoding=\"async\" class=\"aligncenter size-full wp-image-19358\" src=\"https:\/\/www.rubendario.cl\/sitio\/wp-content\/uploads\/2021\/05\/Infograf\u00eda-D\u00eda-del-Reciclaj.jpg\" alt=\"\" width=\"660\" height=\"1092\" srcset=\"https:\/\/www.rubendario.cl\/sitio\/wp-content\/uploads\/2021\/05\/Infograf\u00eda-D\u00eda-del-Reciclaj.jpg 660w, https:\/\/www.rubendario.cl\/sitio\/wp-content\/uploads\/2021\/05\/Infograf\u00eda-D\u00eda-del-Reciclaj-181x300.jpg 181w, https:\/\/www.rubendario.cl\/sitio\/wp-content\/uploads\/2021\/05\/Infograf\u00eda-D\u00eda-del-Reciclaj-278x460.jpg 278w\" sizes=\"auto, (max-width: 660px) 100vw, 660px\" \/><\/p>\n<p>Adem\u00e1s, queremos compartir con ustedes la siguiente plataforma, la cual muestra diferentes\u00a0puntos de reciclaje seg\u00fan tipo de residuo.<\/p>\n<p><a href=\"https:\/\/dondereciclo.cl\/\">https:\/\/dondereciclo.cl\/<\/a><\/p>\n<p>&nbsp;<\/p>\n<p>\u00c1rea de Medio Ambiente, Convivencia Escolar,<br \/>\nColegio Poeta Rub\u00e9n Dar\u00edo<\/p>\n","protected":false},"excerpt":{"rendered":"<p>Hoy 17 de mayo se celebra a nivel global el D\u00eda Mundial del Reciclaje, cuyo objetivo es concientizar a las personas sobre la importancia de la gesti\u00f3n de nuestros residuos, para as\u00ed, contribuir a\u00a0disminuir los efectos del cambio, cuidando nuestro entorno socio-natural. En la actualidad, en el Colegio Poeta Rub\u00e9n Dar\u00edo se est\u00e1n llevando a &hellip;<\/p>\n","protected":false},"author":1,"featured_media":19359,"comment_status":"closed","ping_status":"open","sticky":false,"template":"","format":"standard","meta":{"footnotes":""},"categories":[178,31,104,54,182,188,176,186,72,189],"tags":[],"class_list":["post-19357","post","type-post","status-publish","format-standard","has-post-thumbnail","","category-178","category-colegio","category-colegio-en-maipu","category-contenidos","category-efemerides","category-estudiosydiscusion","category-medioambiente","category-notas","category-noticias","category-rubendariosustentable"],"publishpress_future_action":{"enabled":false,"date":"2026-05-10 12:53:06","action":"change-status","newStatus":"draft","terms":[],"taxonomy":"category","extraData":[]},"publishpress_future_workflow_manual_trigger":{"enabledWorkflows":[]},"_links":{"self":[{"href":"https:\/\/www.rubendario.cl\/sitio\/wp-json\/wp\/v2\/posts\/19357","targetHints":{"allow":["GET"]}}],"collection":[{"href":"https:\/\/www.rubendario.cl\/sitio\/wp-json\/wp\/v2\/posts"}],"about":[{"href":"https:\/\/www.rubendario.cl\/sitio\/wp-json\/wp\/v2\/types\/post"}],"author":[{"embeddable":true,"href":"https:\/\/www.rubendario.cl\/sitio\/wp-json\/wp\/v2\/users\/1"}],"replies":[{"embeddable":true,"href":"https:\/\/www.rubendario.cl\/sitio\/wp-json\/wp\/v2\/comments?post=19357"}],"version-history":[{"count":0,"href":"https:\/\/www.rubendario.cl\/sitio\/wp-json\/wp\/v2\/posts\/19357\/revisions"}],"wp:featuredmedia":[{"embeddable":true,"href":"https:\/\/www.rubendario.cl\/sitio\/wp-json\/wp\/v2\/media\/19359"}],"wp:attachment":[{"href":"https:\/\/www.rubendario.cl\/sitio\/wp-json\/wp\/v2\/media?parent=19357"}],"wp:term":[{"taxonomy":"category","embeddable":true,"href":"https:\/\/www.rubendario.cl\/sitio\/wp-json\/wp\/v2\/categories?post=19357"},{"taxonomy":"post_tag","embeddable":true,"href":"https:\/\/www.rubendario.cl\/sitio\/wp-json\/wp\/v2\/tags?post=19357"}],"curies":[{"name":"wp","href":"https:\/\/api.w.org\/{rel}","templated":true}]}}