{"id":19361,"date":"2021-05-17T11:00:27","date_gmt":"2021-05-17T15:00:27","guid":{"rendered":"https:\/\/www.rubendario.cl\/sitio\/?p=19361"},"modified":"2021-07-16T15:37:35","modified_gmt":"2021-07-16T19:37:35","slug":"ecoladrillos-ruberianos","status":"publish","type":"post","link":"https:\/\/www.rubendario.cl\/sitio\/ecoladrillos-ruberianos\/","title":{"rendered":"Ecoladrillos Ruberianos"},"content":{"rendered":"<p><img loading=\"lazy\" decoding=\"async\" class=\"aligncenter size-full wp-image-19364\" src=\"https:\/\/www.rubendario.cl\/sitio\/wp-content\/uploads\/2021\/05\/banner-ecoladrillos.jpg\" alt=\"\" width=\"660\" height=\"351\" srcset=\"https:\/\/www.rubendario.cl\/sitio\/wp-content\/uploads\/2021\/05\/banner-ecoladrillos.jpg 660w, https:\/\/www.rubendario.cl\/sitio\/wp-content\/uploads\/2021\/05\/banner-ecoladrillos-300x160.jpg 300w, https:\/\/www.rubendario.cl\/sitio\/wp-content\/uploads\/2021\/05\/banner-ecoladrillos-460x245.jpg 460w, https:\/\/www.rubendario.cl\/sitio\/wp-content\/uploads\/2021\/05\/banner-ecoladrillos-310x165.jpg 310w\" sizes=\"auto, (max-width: 660px) 100vw, 660px\" \/><\/p>\n<p>Querida comunidad,<\/p>\n<p>A nivel Colegio, como parte del <strong>Proyecto Educativo Institucional (PEI)<\/strong>, donde se establece como sello institucional el compromiso, valorizaci\u00f3n y cuidado del medio ambiente; y tambi\u00e9n, el <strong>Plan Anual de Gesti\u00f3n, Formaci\u00f3n y Convivencia Escolar<\/strong>, que establece la responsabilidad con el entorno socio-natural, incentivando la creaci\u00f3n de espacios de discusi\u00f3n y acciones concretas de participaci\u00f3n en instancias que sean un aporte a la comprensi\u00f3n y protecci\u00f3n del medio ambiente, es que, en este a\u00f1o 2021 se est\u00e1n llevando a cabo diferentes iniciativas que permitan incentivar el cuidado y valoraci\u00f3n de nuestro entorno socio \u2013 natural.<\/p>\n<p>En particular, les presentamos el proyecto <strong>\u201cEcoladrillos Ruberianos\u201d<\/strong> el cual, permite que, en el contexto actual marcado por la pandemia y crisis sanitaria en el pa\u00eds, fomentar la participaci\u00f3n de la comunidad educativa en torno a una iniciativa ambiental, incentivando pr\u00e1cticas y h\u00e1bitos sustentables que son factibles de ser llevadas a cabo en el hogar de los\/las estudiantes, involucrando tambi\u00e9n a la familia en esta iniciativa.<\/p>\n<p>Los tres grandes aportes de este proyecto se detallan a continuaci\u00f3n:<\/p>\n<ul>\n<li>Generar y difundir conocimiento ambiental: Se busca generar y difundir conocimiento ambiental en la comunidad educativa.<\/li>\n<li>Vincular a la comunidad educativa en torno a una iniciativa ambiental: Se busca poder vincular a los diferentes actores de la comunidad en torno a una iniciativa ambiental.<\/li>\n<li>Fomentar pr\u00e1cticas y h\u00e1bitos sustentables: Se busca fomentar pr\u00e1cticas y h\u00e1bitos sustentables en la comunidad, donde el Colegio act\u00fae como articulador de ello, creando espacios con infraestructura sustentable.<\/li>\n<\/ul>\n<p>&nbsp;<\/p>\n<p>A continuaci\u00f3n, podr\u00e1s visualizar una infograf\u00eda del proyecto Ecoladrillos Ruberianos, una infograf\u00eda sobre c\u00f3mo fabricar tu ecoladrillo, y un video tutorial que muestra el proceso.<\/p>\n<p><img loading=\"lazy\" decoding=\"async\" class=\"aligncenter wp-image-19362\" src=\"https:\/\/www.rubendario.cl\/sitio\/wp-content\/uploads\/2021\/05\/Infograf\u00eda-\u00bfC\u00f3mo-fabricar-tu-ecoladrillo.jpg\" alt=\"\" width=\"660\" height=\"1650\" srcset=\"https:\/\/www.rubendario.cl\/sitio\/wp-content\/uploads\/2021\/05\/Infograf\u00eda-\u00bfC\u00f3mo-fabricar-tu-ecoladrillo.jpg 800w, https:\/\/www.rubendario.cl\/sitio\/wp-content\/uploads\/2021\/05\/Infograf\u00eda-\u00bfC\u00f3mo-fabricar-tu-ecoladrillo-120x300.jpg 120w, https:\/\/www.rubendario.cl\/sitio\/wp-content\/uploads\/2021\/05\/Infograf\u00eda-\u00bfC\u00f3mo-fabricar-tu-ecoladrillo-768x1920.jpg 768w, https:\/\/www.rubendario.cl\/sitio\/wp-content\/uploads\/2021\/05\/Infograf\u00eda-\u00bfC\u00f3mo-fabricar-tu-ecoladrillo-184x460.jpg 184w\" sizes=\"auto, (max-width: 660px) 100vw, 660px\" \/><\/p>\n<p style=\"text-align: center;\"><img loading=\"lazy\" decoding=\"async\" class=\"aligncenter size-full wp-image-19363\" src=\"https:\/\/www.rubendario.cl\/sitio\/wp-content\/uploads\/2021\/05\/Infograf\u00eda-Proyecto-Ecoladr.jpg\" alt=\"\" width=\"660\" height=\"1650\" srcset=\"https:\/\/www.rubendario.cl\/sitio\/wp-content\/uploads\/2021\/05\/Infograf\u00eda-Proyecto-Ecoladr.jpg 660w, https:\/\/www.rubendario.cl\/sitio\/wp-content\/uploads\/2021\/05\/Infograf\u00eda-Proyecto-Ecoladr-120x300.jpg 120w, https:\/\/www.rubendario.cl\/sitio\/wp-content\/uploads\/2021\/05\/Infograf\u00eda-Proyecto-Ecoladr-184x460.jpg 184w\" sizes=\"auto, (max-width: 660px) 100vw, 660px\" \/><\/p>\n<p style=\"text-align: center;\"><iframe loading=\"lazy\" src=\"https:\/\/player.vimeo.com\/video\/551269389\" width=\"640\" height=\"360\" frameborder=\"0\" allowfullscreen=\"allowfullscreen\"><\/iframe><\/p>\n<p style=\"text-align: center;\"><span style=\"color: #000080;\"><strong>\u00a1Invitamos a toda la comunidad educativa a sumarse a este proyecto, y juntos poder contribuir al cuidado y protecci\u00f3n de nuestro h\u00e1bitat!<\/strong><\/span><\/p>\n<p>&nbsp;<\/p>\n<p>\u00c1rea de Medio Ambiente, Convivencia Escolar,<br \/>\nColegio Poeta Rub\u00e9n Dar\u00edo<\/p>\n","protected":false},"excerpt":{"rendered":"<p>Querida comunidad, A nivel Colegio, como parte del Proyecto Educativo Institucional (PEI), donde se establece como sello institucional el compromiso, valorizaci\u00f3n y cuidado del medio ambiente; y tambi\u00e9n, el Plan Anual de Gesti\u00f3n, Formaci\u00f3n y Convivencia Escolar, que establece la responsabilidad con el entorno socio-natural, incentivando la creaci\u00f3n de espacios de discusi\u00f3n y acciones concretas &hellip;<\/p>\n","protected":false},"author":1,"featured_media":19364,"comment_status":"closed","ping_status":"open","sticky":false,"template":"","format":"standard","meta":{"footnotes":""},"categories":[178,31,104,54,183,188,176,186,72,189],"tags":[],"class_list":["post-19361","post","type-post","status-publish","format-standard","has-post-thumbnail","","category-178","category-colegio","category-colegio-en-maipu","category-contenidos","category-ecologia","category-estudiosydiscusion","category-medioambiente","category-notas","category-noticias","category-rubendariosustentable"],"publishpress_future_action":{"enabled":false,"date":"2026-05-10 12:52:59","action":"change-status","newStatus":"draft","terms":[],"taxonomy":"category","extraData":[]},"publishpress_future_workflow_manual_trigger":{"enabledWorkflows":[]},"_links":{"self":[{"href":"https:\/\/www.rubendario.cl\/sitio\/wp-json\/wp\/v2\/posts\/19361","targetHints":{"allow":["GET"]}}],"collection":[{"href":"https:\/\/www.rubendario.cl\/sitio\/wp-json\/wp\/v2\/posts"}],"about":[{"href":"https:\/\/www.rubendario.cl\/sitio\/wp-json\/wp\/v2\/types\/post"}],"author":[{"embeddable":true,"href":"https:\/\/www.rubendario.cl\/sitio\/wp-json\/wp\/v2\/users\/1"}],"replies":[{"embeddable":true,"href":"https:\/\/www.rubendario.cl\/sitio\/wp-json\/wp\/v2\/comments?post=19361"}],"version-history":[{"count":0,"href":"https:\/\/www.rubendario.cl\/sitio\/wp-json\/wp\/v2\/posts\/19361\/revisions"}],"wp:featuredmedia":[{"embeddable":true,"href":"https:\/\/www.rubendario.cl\/sitio\/wp-json\/wp\/v2\/media\/19364"}],"wp:attachment":[{"href":"https:\/\/www.rubendario.cl\/sitio\/wp-json\/wp\/v2\/media?parent=19361"}],"wp:term":[{"taxonomy":"category","embeddable":true,"href":"https:\/\/www.rubendario.cl\/sitio\/wp-json\/wp\/v2\/categories?post=19361"},{"taxonomy":"post_tag","embeddable":true,"href":"https:\/\/www.rubendario.cl\/sitio\/wp-json\/wp\/v2\/tags?post=19361"}],"curies":[{"name":"wp","href":"https:\/\/api.w.org\/{rel}","templated":true}]}}