{"id":19366,"date":"2021-05-22T07:00:14","date_gmt":"2021-05-22T11:00:14","guid":{"rendered":"https:\/\/www.rubendario.cl\/sitio\/?p=19366"},"modified":"2021-07-16T15:37:35","modified_gmt":"2021-07-16T19:37:35","slug":"dia-internacional-de-la-diversidad-biologica","status":"publish","type":"post","link":"https:\/\/www.rubendario.cl\/sitio\/dia-internacional-de-la-diversidad-biologica\/","title":{"rendered":"D\u00eda Internacional de la Diversidad Biol\u00f3gica"},"content":{"rendered":"<p><img loading=\"lazy\" decoding=\"async\" class=\"aligncenter size-full wp-image-19368\" src=\"https:\/\/www.rubendario.cl\/sitio\/wp-content\/uploads\/2021\/05\/banner-biodiversidad.png\" alt=\"\" width=\"660\" height=\"351\" srcset=\"https:\/\/www.rubendario.cl\/sitio\/wp-content\/uploads\/2021\/05\/banner-biodiversidad.png 660w, https:\/\/www.rubendario.cl\/sitio\/wp-content\/uploads\/2021\/05\/banner-biodiversidad-300x160.png 300w, https:\/\/www.rubendario.cl\/sitio\/wp-content\/uploads\/2021\/05\/banner-biodiversidad-460x245.png 460w, https:\/\/www.rubendario.cl\/sitio\/wp-content\/uploads\/2021\/05\/banner-biodiversidad-310x165.png 310w\" sizes=\"auto, (max-width: 660px) 100vw, 660px\" \/><\/p>\n<p>Hoy 22 de mayo se celebra el <strong>D\u00eda internacional de la Diversidad Biol\u00f3gica<\/strong>, con el objetivo de crear conciencia acerca de la importancia que tiene la biodiversidad para los seres humanos y as\u00ed, cuidarla y preservarla para las siguientes generaciones. Este a\u00f1o, el lema asociado a este d\u00eda es <strong>\u201cSoy parte de la soluci\u00f3n\u201d<\/strong> y se busca con ello que las personas puedan discutir en torno a soluciones basadas en la naturaleza, el clima, en los problemas de salud, seguridad alimentaria y del agua, y medios de vida sostenibles.<\/p>\n<p><img loading=\"lazy\" decoding=\"async\" class=\"aligncenter size-full wp-image-19367\" src=\"https:\/\/www.rubendario.cl\/sitio\/wp-content\/uploads\/2021\/05\/22-May-Biodiversity-Day.png\" alt=\"\" width=\"817\" height=\"308\" srcset=\"https:\/\/www.rubendario.cl\/sitio\/wp-content\/uploads\/2021\/05\/22-May-Biodiversity-Day.png 817w, https:\/\/www.rubendario.cl\/sitio\/wp-content\/uploads\/2021\/05\/22-May-Biodiversity-Day-300x113.png 300w, https:\/\/www.rubendario.cl\/sitio\/wp-content\/uploads\/2021\/05\/22-May-Biodiversity-Day-768x290.png 768w, https:\/\/www.rubendario.cl\/sitio\/wp-content\/uploads\/2021\/05\/22-May-Biodiversity-Day-460x173.png 460w\" sizes=\"auto, (max-width: 817px) 100vw, 817px\" \/><\/p>\n<p>Como comunidad ruberiana nos sumamos a este eslogan, invitando a todos\/as a reflexionar sobre la importancia de la diversidad biol\u00f3gica y pensar en c\u00f3mo poder aportar a construir \u2013 reconstruir un ambiente m\u00e1s saludable y sostenible para el futuro.<\/p>\n<p>A continuaci\u00f3n, te mostramos un material que puedes ver y conversar junto a tu familia, compa\u00f1eros\/as y amigos\/as:<\/p>\n<p style=\"text-align: center;\"><iframe loading=\"lazy\" title=\"YouTube video player\" src=\"https:\/\/www.youtube.com\/embed\/IARJMLYx3JI\" width=\"560\" height=\"315\" frameborder=\"0\" allowfullscreen=\"allowfullscreen\"><\/iframe><\/p>\n<p>\u00c1rea de Medio Ambiente, Convivencia Escolar,<br \/>\nColegio Poeta Rub\u00e9n Dar\u00edo<\/p>\n","protected":false},"excerpt":{"rendered":"<p>Hoy 22 de mayo se celebra el D\u00eda internacional de la Diversidad Biol\u00f3gica, con el objetivo de crear conciencia acerca de la importancia que tiene la biodiversidad para los seres humanos y as\u00ed, cuidarla y preservarla para las siguientes generaciones. Este a\u00f1o, el lema asociado a este d\u00eda es \u201cSoy parte de la soluci\u00f3n\u201d y &hellip;<\/p>\n","protected":false},"author":1,"featured_media":19368,"comment_status":"closed","ping_status":"open","sticky":false,"template":"","format":"standard","meta":{"footnotes":""},"categories":[178,31,104,54,182,188,176,186,189],"tags":[],"class_list":["post-19366","post","type-post","status-publish","format-standard","has-post-thumbnail","","category-178","category-colegio","category-colegio-en-maipu","category-contenidos","category-efemerides","category-estudiosydiscusion","category-medioambiente","category-notas","category-rubendariosustentable"],"publishpress_future_action":{"enabled":false,"date":"2026-05-10 11:54:03","action":"change-status","newStatus":"draft","terms":[],"taxonomy":"category","extraData":[]},"publishpress_future_workflow_manual_trigger":{"enabledWorkflows":[]},"_links":{"self":[{"href":"https:\/\/www.rubendario.cl\/sitio\/wp-json\/wp\/v2\/posts\/19366","targetHints":{"allow":["GET"]}}],"collection":[{"href":"https:\/\/www.rubendario.cl\/sitio\/wp-json\/wp\/v2\/posts"}],"about":[{"href":"https:\/\/www.rubendario.cl\/sitio\/wp-json\/wp\/v2\/types\/post"}],"author":[{"embeddable":true,"href":"https:\/\/www.rubendario.cl\/sitio\/wp-json\/wp\/v2\/users\/1"}],"replies":[{"embeddable":true,"href":"https:\/\/www.rubendario.cl\/sitio\/wp-json\/wp\/v2\/comments?post=19366"}],"version-history":[{"count":0,"href":"https:\/\/www.rubendario.cl\/sitio\/wp-json\/wp\/v2\/posts\/19366\/revisions"}],"wp:featuredmedia":[{"embeddable":true,"href":"https:\/\/www.rubendario.cl\/sitio\/wp-json\/wp\/v2\/media\/19368"}],"wp:attachment":[{"href":"https:\/\/www.rubendario.cl\/sitio\/wp-json\/wp\/v2\/media?parent=19366"}],"wp:term":[{"taxonomy":"category","embeddable":true,"href":"https:\/\/www.rubendario.cl\/sitio\/wp-json\/wp\/v2\/categories?post=19366"},{"taxonomy":"post_tag","embeddable":true,"href":"https:\/\/www.rubendario.cl\/sitio\/wp-json\/wp\/v2\/tags?post=19366"}],"curies":[{"name":"wp","href":"https:\/\/api.w.org\/{rel}","templated":true}]}}