{"id":19406,"date":"2021-05-27T12:21:49","date_gmt":"2021-05-27T16:21:49","guid":{"rendered":"https:\/\/www.rubendario.cl\/sitio\/?p=19406"},"modified":"2021-07-06T15:36:48","modified_gmt":"2021-07-06T19:36:48","slug":"comunicado-27052021","status":"publish","type":"post","link":"https:\/\/www.rubendario.cl\/sitio\/comunicado-27052021\/","title":{"rendered":"Comunicado"},"content":{"rendered":"<p><img loading=\"lazy\" decoding=\"async\" class=\"aligncenter size-full wp-image-19274\" src=\"https:\/\/www.rubendario.cl\/sitio\/wp-content\/uploads\/2021\/04\/banner-comunicado-covid.png\" alt=\"\" width=\"660\" height=\"351\" srcset=\"https:\/\/www.rubendario.cl\/sitio\/wp-content\/uploads\/2021\/04\/banner-comunicado-covid.png 660w, https:\/\/www.rubendario.cl\/sitio\/wp-content\/uploads\/2021\/04\/banner-comunicado-covid-300x160.png 300w, https:\/\/www.rubendario.cl\/sitio\/wp-content\/uploads\/2021\/04\/banner-comunicado-covid-460x245.png 460w, https:\/\/www.rubendario.cl\/sitio\/wp-content\/uploads\/2021\/04\/banner-comunicado-covid-310x165.png 310w\" sizes=\"auto, (max-width: 660px) 100vw, 660px\" \/><\/p>\n<p>Querida Comunidad Ruberiana:<\/p>\n<p>Le saludamos con los mejores deseos de buena salud para usted y su familia.<\/p>\n<p>Cada t\u00e9rmino de mes es nuestro compromiso informar la modalidad de clases para el mes siguiente:<\/p>\n<p>Al respecto le comunicamos que <strong>nuestra determinaci\u00f3n es continuar con las clases en l\u00ednea<\/strong>, en atenci\u00f3n a que sigue siendo <strong>nuestra principal preocupaci\u00f3n, la salud y el cuidado de todos los integrantes de nuestra comunidad educativa<\/strong>, y las cifras de contagio entregadas por el MINSAL no entregan la tranquilidad necesaria, a pesar de que nuestra comuna se encuentre en Transici\u00f3n.<\/p>\n<p><strong>Es importante mencionar que estamos trabajando en un plan de retorno gradual, voluntario, paulatino y seguro<\/strong>, del cual informaremos oportunamente a usted para que determine con claridad, considerando su situaci\u00f3n personal y familiar, el reintegro de su pupilo(a) a clases presenciales en modalidad mixta.<\/p>\n<p>Para poder cumplir con nuestros deseos de dar seguridad y tranquilidad a todos ustedes, este plan incluye considerar el parecer de los principales actores de nuestra comunidad, vale decir, docentes, apoderados, funcionarios y estudiantes cuando corresponda.<\/p>\n<p><strong>Cualquier informaci\u00f3n al respecto la entregaremos oportunamente y con el debido tiempo<\/strong> para asegurar que este retorno sea ordenado, seguro, conocido y compartido por todos.<\/p>\n<p>COLEGIO POETA RUB\u00c9N DAR\u00cdO<\/p>\n","protected":false},"excerpt":{"rendered":"<p>Querida Comunidad Ruberiana: Le saludamos con los mejores deseos de buena salud para usted y su familia. Cada t\u00e9rmino de mes es nuestro compromiso informar la modalidad de clases para el mes siguiente: Al respecto le comunicamos que nuestra determinaci\u00f3n es continuar con las clases en l\u00ednea, en atenci\u00f3n a que sigue siendo nuestra principal &hellip;<\/p>\n","protected":false},"author":1,"featured_media":19274,"comment_status":"closed","ping_status":"open","sticky":false,"template":"","format":"standard","meta":{"footnotes":""},"categories":[178,31,104,54,186,72],"tags":[],"class_list":["post-19406","post","type-post","status-publish","format-standard","has-post-thumbnail","","category-178","category-colegio","category-colegio-en-maipu","category-contenidos","category-notas","category-noticias"],"publishpress_future_action":{"enabled":false,"date":"2026-05-10 12:53:05","action":"change-status","newStatus":"draft","terms":[],"taxonomy":"category","extraData":[]},"publishpress_future_workflow_manual_trigger":{"enabledWorkflows":[]},"_links":{"self":[{"href":"https:\/\/www.rubendario.cl\/sitio\/wp-json\/wp\/v2\/posts\/19406","targetHints":{"allow":["GET"]}}],"collection":[{"href":"https:\/\/www.rubendario.cl\/sitio\/wp-json\/wp\/v2\/posts"}],"about":[{"href":"https:\/\/www.rubendario.cl\/sitio\/wp-json\/wp\/v2\/types\/post"}],"author":[{"embeddable":true,"href":"https:\/\/www.rubendario.cl\/sitio\/wp-json\/wp\/v2\/users\/1"}],"replies":[{"embeddable":true,"href":"https:\/\/www.rubendario.cl\/sitio\/wp-json\/wp\/v2\/comments?post=19406"}],"version-history":[{"count":0,"href":"https:\/\/www.rubendario.cl\/sitio\/wp-json\/wp\/v2\/posts\/19406\/revisions"}],"wp:featuredmedia":[{"embeddable":true,"href":"https:\/\/www.rubendario.cl\/sitio\/wp-json\/wp\/v2\/media\/19274"}],"wp:attachment":[{"href":"https:\/\/www.rubendario.cl\/sitio\/wp-json\/wp\/v2\/media?parent=19406"}],"wp:term":[{"taxonomy":"category","embeddable":true,"href":"https:\/\/www.rubendario.cl\/sitio\/wp-json\/wp\/v2\/categories?post=19406"},{"taxonomy":"post_tag","embeddable":true,"href":"https:\/\/www.rubendario.cl\/sitio\/wp-json\/wp\/v2\/tags?post=19406"}],"curies":[{"name":"wp","href":"https:\/\/api.w.org\/{rel}","templated":true}]}}