{"id":19438,"date":"2021-06-03T08:00:53","date_gmt":"2021-06-03T12:00:53","guid":{"rendered":"https:\/\/www.rubendario.cl\/sitio\/?p=19438"},"modified":"2021-07-16T16:16:31","modified_gmt":"2021-07-16T20:16:31","slug":"dia-mundial-de-la-bicicleta","status":"publish","type":"post","link":"https:\/\/www.rubendario.cl\/sitio\/dia-mundial-de-la-bicicleta\/","title":{"rendered":"D\u00eda Mundial de la Bicicleta"},"content":{"rendered":"<p><img loading=\"lazy\" decoding=\"async\" class=\"aligncenter size-full wp-image-19440\" src=\"https:\/\/www.rubendario.cl\/sitio\/wp-content\/uploads\/2021\/06\/banner-bike.png\" alt=\"\" width=\"660\" height=\"351\" srcset=\"https:\/\/www.rubendario.cl\/sitio\/wp-content\/uploads\/2021\/06\/banner-bike.png 660w, https:\/\/www.rubendario.cl\/sitio\/wp-content\/uploads\/2021\/06\/banner-bike-300x160.png 300w, https:\/\/www.rubendario.cl\/sitio\/wp-content\/uploads\/2021\/06\/banner-bike-460x245.png 460w, https:\/\/www.rubendario.cl\/sitio\/wp-content\/uploads\/2021\/06\/banner-bike-310x165.png 310w\" sizes=\"auto, (max-width: 660px) 100vw, 660px\" \/><\/p>\n<p>Hoy 3 de junio se celebra a nivel internacional el <strong>D\u00eda Mundial de la Bicicleta<\/strong>, con el objetivo de impulsar este medio de transporte como una soluci\u00f3n a los problemas actuales, tales como la contaminaci\u00f3n, el cambio clim\u00e1tico, la salud y la calidad de la educaci\u00f3n.<\/p>\n<p>La bicicleta como uno de los medios de transporte sustentable, es sencillo, de f\u00e1cil acceso, limpio y ecol\u00f3gico, que no solo contribuye con la salud de las personas, sino que tambi\u00e9n, es un mecanismo que contribuye a la gesti\u00f3n ambiental de nuestro entorno socio-natural.<\/p>\n<p>Te invitamos a ver la siguiente infograf\u00eda que hemos preparado,<\/p>\n<p><img loading=\"lazy\" decoding=\"async\" class=\"aligncenter size-full wp-image-19439\" src=\"https:\/\/www.rubendario.cl\/sitio\/wp-content\/uploads\/2021\/06\/Infografia-Dia-Bicicleta.png\" alt=\"\" width=\"660\" height=\"1092\" srcset=\"https:\/\/www.rubendario.cl\/sitio\/wp-content\/uploads\/2021\/06\/Infografia-Dia-Bicicleta.png 660w, https:\/\/www.rubendario.cl\/sitio\/wp-content\/uploads\/2021\/06\/Infografia-Dia-Bicicleta-181x300.png 181w, https:\/\/www.rubendario.cl\/sitio\/wp-content\/uploads\/2021\/06\/Infografia-Dia-Bicicleta-278x460.png 278w\" sizes=\"auto, (max-width: 660px) 100vw, 660px\" \/><\/p>\n<p>&nbsp;<\/p>\n<p>\u00c1rea de Medio Ambiente, Convivencia Escolar<br \/>\nColegio Poeta Rub\u00e9n Dar\u00edo<\/p>\n","protected":false},"excerpt":{"rendered":"<p>Hoy 3 de junio se celebra a nivel internacional el D\u00eda Mundial de la Bicicleta, con el objetivo de impulsar este medio de transporte como una soluci\u00f3n a los problemas actuales, tales como la contaminaci\u00f3n, el cambio clim\u00e1tico, la salud y la calidad de la educaci\u00f3n. La bicicleta como uno de los medios de transporte &hellip;<\/p>\n","protected":false},"author":1,"featured_media":19440,"comment_status":"closed","ping_status":"open","sticky":false,"template":"","format":"standard","meta":{"footnotes":""},"categories":[178,31,104,54,182,188,176,190,186,72,189],"tags":[],"class_list":["post-19438","post","type-post","status-publish","format-standard","has-post-thumbnail","","category-178","category-colegio","category-colegio-en-maipu","category-contenidos","category-efemerides","category-estudiosydiscusion","category-medioambiente","category-movilidad-sustentable","category-notas","category-noticias","category-rubendariosustentable"],"publishpress_future_action":{"enabled":false,"date":"2026-05-10 11:09:32","action":"change-status","newStatus":"draft","terms":[],"taxonomy":"category","extraData":[]},"publishpress_future_workflow_manual_trigger":{"enabledWorkflows":[]},"_links":{"self":[{"href":"https:\/\/www.rubendario.cl\/sitio\/wp-json\/wp\/v2\/posts\/19438","targetHints":{"allow":["GET"]}}],"collection":[{"href":"https:\/\/www.rubendario.cl\/sitio\/wp-json\/wp\/v2\/posts"}],"about":[{"href":"https:\/\/www.rubendario.cl\/sitio\/wp-json\/wp\/v2\/types\/post"}],"author":[{"embeddable":true,"href":"https:\/\/www.rubendario.cl\/sitio\/wp-json\/wp\/v2\/users\/1"}],"replies":[{"embeddable":true,"href":"https:\/\/www.rubendario.cl\/sitio\/wp-json\/wp\/v2\/comments?post=19438"}],"version-history":[{"count":0,"href":"https:\/\/www.rubendario.cl\/sitio\/wp-json\/wp\/v2\/posts\/19438\/revisions"}],"wp:featuredmedia":[{"embeddable":true,"href":"https:\/\/www.rubendario.cl\/sitio\/wp-json\/wp\/v2\/media\/19440"}],"wp:attachment":[{"href":"https:\/\/www.rubendario.cl\/sitio\/wp-json\/wp\/v2\/media?parent=19438"}],"wp:term":[{"taxonomy":"category","embeddable":true,"href":"https:\/\/www.rubendario.cl\/sitio\/wp-json\/wp\/v2\/categories?post=19438"},{"taxonomy":"post_tag","embeddable":true,"href":"https:\/\/www.rubendario.cl\/sitio\/wp-json\/wp\/v2\/tags?post=19438"}],"curies":[{"name":"wp","href":"https:\/\/api.w.org\/{rel}","templated":true}]}}