{"id":19451,"date":"2021-06-07T15:34:19","date_gmt":"2021-06-07T19:34:19","guid":{"rendered":"https:\/\/www.rubendario.cl\/sitio\/?p=19451"},"modified":"2021-07-06T15:36:48","modified_gmt":"2021-07-06T19:36:48","slug":"alfonsina-1lugar","status":"publish","type":"post","link":"https:\/\/www.rubendario.cl\/sitio\/alfonsina-1lugar\/","title":{"rendered":"Estudiante Alfonsina Castro obtiene 1\u00b0 lugar en \u201cConcurso restauremos la Tierra\u201d"},"content":{"rendered":"<p><img loading=\"lazy\" decoding=\"async\" class=\"aligncenter size-full wp-image-19452\" src=\"https:\/\/www.rubendario.cl\/sitio\/wp-content\/uploads\/2021\/06\/banner-alfonsina.jpg\" alt=\"\" width=\"660\" height=\"351\" srcset=\"https:\/\/www.rubendario.cl\/sitio\/wp-content\/uploads\/2021\/06\/banner-alfonsina.jpg 660w, https:\/\/www.rubendario.cl\/sitio\/wp-content\/uploads\/2021\/06\/banner-alfonsina-300x160.jpg 300w, https:\/\/www.rubendario.cl\/sitio\/wp-content\/uploads\/2021\/06\/banner-alfonsina-460x245.jpg 460w, https:\/\/www.rubendario.cl\/sitio\/wp-content\/uploads\/2021\/06\/banner-alfonsina-310x165.jpg 310w\" sizes=\"auto, (max-width: 660px) 100vw, 660px\" \/>Querida comunidad Ruberiana, junto con saludar y esperando est\u00e9n bien, les escribimos en esta ocasi\u00f3n para compartir el logro obtenido por nuestra estudiante Alfonsina Castro del 8\u00b0A, quien obtuvo el <strong>primer lugar en la categor\u00eda de 10 a 14 a\u00f1os con su trabajo \u201cSalvemos al mundo\u201d, en el Concurso Restauremos La Tierra<\/strong>, instancia financiada por Fundaci\u00f3n Chile y Columbia Global Center Santiago.<\/p>\n<p>Luego de una larga revisi\u00f3n de\u00a0<strong>600 trabajos recibidos en todo Chile<\/strong>, el jurado compuesto por Pamela L\u00f3pez, directora de programaci\u00f3n del GAM; Noelia Rojas, Comunicaciones del Ministerio de Medio Ambiente; Lily Bravo,\u00a0 Embajada de Estados Unidos; Andrea Osorio, Directora Aprendizaje para el Futuro de Fundaci\u00f3n Chile; y Angela Oblasser, Gerenta de Sustentabilidad de Fundaci\u00f3n Chile,\u00a0<strong>eligi\u00f3 como ganador el trabajo realizado por Alfonsina,\u00a0proceso que cont\u00f3 con la motivaci\u00f3n a participar y revisi\u00f3n de bases por parte de la profesora Katherine Retamales de Artes Visuales<\/strong>.<\/p>\n<p><img loading=\"lazy\" decoding=\"async\" class=\"aligncenter size-full wp-image-19456\" src=\"https:\/\/www.rubendario.cl\/sitio\/wp-content\/uploads\/2021\/06\/alfonsina-300.png\" alt=\"\" width=\"350\" height=\"465\" srcset=\"https:\/\/www.rubendario.cl\/sitio\/wp-content\/uploads\/2021\/06\/alfonsina-300.png 350w, https:\/\/www.rubendario.cl\/sitio\/wp-content\/uploads\/2021\/06\/alfonsina-300-226x300.png 226w, https:\/\/www.rubendario.cl\/sitio\/wp-content\/uploads\/2021\/06\/alfonsina-300-346x460.png 346w\" sizes=\"auto, (max-width: 350px) 100vw, 350px\" \/><\/p>\n<p style=\"text-align: center;\"><em>Alfonsina Castro &#8211; 8\u00b0A<\/em><\/p>\n<p>Solo tenemos palabras de felicitaciones para Alfonsina, por el gran trabajo realizado y el inter\u00e9s en comprender la importancia del cuidado de nuestro planeta, y que, todav\u00eda tenemos tiempo para restaurar nuestros ecosistemas y proteger las especies de la Tierra. Este, es uno de los compromisos que tenemos como Colegio, expresado en nuestro Proyecto Educativo Institucional, donde buscamos valorar los espacios y el entorno natural y sus recursos, desarrollando un sentido de preservaci\u00f3n de un medio ambiente limpio y seguro, valorando que nuestra vida se desenvuelve en dicho contexto.<\/p>\n<p>A partir de este gran logro, \u00a1\u00a1extendemos la invitaci\u00f3n a todos\/as nuestros\/as estudiantes a participar en instancias de este tipo!!<\/p>\n<p>A continuaci\u00f3n, puedes visualizar el trabajo de Alfonsina <strong>\u201cSalvemos al mundo\u201d<\/strong> en el siguiente enlace:<\/p>\n<p style=\"text-align: center;\"><iframe loading=\"lazy\" title=\"YouTube video player\" src=\"https:\/\/www.youtube.com\/embed\/QXwdeSn5Jik\" width=\"560\" height=\"315\" frameborder=\"0\" allowfullscreen=\"allowfullscreen\"><\/iframe><\/p>\n<p style=\"text-align: center;\"><span style=\"font-size: 14pt;\"><em>\u00abEste video lo hice yo misma (el stop motion y la edici\u00f3n). El video trata sobre el mundo lindo y limpio. Poco a poco llegan los humanos, representados como peones, quienes le piden comida a la Tierra y \u00e9sta feliz se las da.<br \/>\nPoco a poco los humanos quieren m\u00e1s y m\u00e1s cosas sin el permiso de la Tierra&#8230;<br \/>\n\u00abPAREMOS\u00bb&#8230; si seguimos aprovech\u00e1ndonos de la Tierra como si fuera nuestra, la terminaremos por destruir, tenemos que aprender a cuidar de \u00e9sta antes de que sea muy tarde.<br \/>\nLa Tierra es nuestro hogar y no podemos vivir sin ella.\u00bb<\/em><\/span><\/p>\n<p style=\"text-align: center;\"><span style=\"font-size: 14pt;\"><em>Alfonsina<\/em><\/span><\/p>\n<p>&nbsp;<\/p>\n<p>Colegio Poeta Rub\u00e9n Dar\u00edo<\/p>\n","protected":false},"excerpt":{"rendered":"<p>Querida comunidad Ruberiana, junto con saludar y esperando est\u00e9n bien, les escribimos en esta ocasi\u00f3n para compartir el logro obtenido por nuestra estudiante Alfonsina Castro del 8\u00b0A, quien obtuvo el primer lugar en la categor\u00eda de 10 a 14 a\u00f1os con su trabajo \u201cSalvemos al mundo\u201d, en el Concurso Restauremos La Tierra, instancia financiada por &hellip;<\/p>\n","protected":false},"author":1,"featured_media":19452,"comment_status":"closed","ping_status":"open","sticky":false,"template":"","format":"standard","meta":{"footnotes":""},"categories":[178,31,104,54,186,72,9],"tags":[],"class_list":["post-19451","post","type-post","status-publish","format-standard","has-post-thumbnail","","category-178","category-colegio","category-colegio-en-maipu","category-contenidos","category-notas","category-noticias","category-videoteca"],"publishpress_future_action":{"enabled":false,"date":"2026-05-10 11:54:01","action":"change-status","newStatus":"draft","terms":[],"taxonomy":"category","extraData":[]},"publishpress_future_workflow_manual_trigger":{"enabledWorkflows":[]},"_links":{"self":[{"href":"https:\/\/www.rubendario.cl\/sitio\/wp-json\/wp\/v2\/posts\/19451","targetHints":{"allow":["GET"]}}],"collection":[{"href":"https:\/\/www.rubendario.cl\/sitio\/wp-json\/wp\/v2\/posts"}],"about":[{"href":"https:\/\/www.rubendario.cl\/sitio\/wp-json\/wp\/v2\/types\/post"}],"author":[{"embeddable":true,"href":"https:\/\/www.rubendario.cl\/sitio\/wp-json\/wp\/v2\/users\/1"}],"replies":[{"embeddable":true,"href":"https:\/\/www.rubendario.cl\/sitio\/wp-json\/wp\/v2\/comments?post=19451"}],"version-history":[{"count":0,"href":"https:\/\/www.rubendario.cl\/sitio\/wp-json\/wp\/v2\/posts\/19451\/revisions"}],"wp:featuredmedia":[{"embeddable":true,"href":"https:\/\/www.rubendario.cl\/sitio\/wp-json\/wp\/v2\/media\/19452"}],"wp:attachment":[{"href":"https:\/\/www.rubendario.cl\/sitio\/wp-json\/wp\/v2\/media?parent=19451"}],"wp:term":[{"taxonomy":"category","embeddable":true,"href":"https:\/\/www.rubendario.cl\/sitio\/wp-json\/wp\/v2\/categories?post=19451"},{"taxonomy":"post_tag","embeddable":true,"href":"https:\/\/www.rubendario.cl\/sitio\/wp-json\/wp\/v2\/tags?post=19451"}],"curies":[{"name":"wp","href":"https:\/\/api.w.org\/{rel}","templated":true}]}}