{"id":19464,"date":"2021-06-14T08:00:10","date_gmt":"2021-06-14T12:00:10","guid":{"rendered":"https:\/\/www.rubendario.cl\/sitio\/?p=19464"},"modified":"2021-07-16T15:37:35","modified_gmt":"2021-07-16T19:37:35","slug":"iniciativas-ambientales-ruberianas","status":"publish","type":"post","link":"https:\/\/www.rubendario.cl\/sitio\/iniciativas-ambientales-ruberianas\/","title":{"rendered":"Iniciativas ambientales Ruberianas"},"content":{"rendered":"<p><img loading=\"lazy\" decoding=\"async\" class=\"aligncenter size-full wp-image-19469\" src=\"https:\/\/www.rubendario.cl\/sitio\/wp-content\/uploads\/2021\/06\/talleres-bolas-tejido.png\" alt=\"\" width=\"660\" height=\"351\" srcset=\"https:\/\/www.rubendario.cl\/sitio\/wp-content\/uploads\/2021\/06\/talleres-bolas-tejido.png 660w, https:\/\/www.rubendario.cl\/sitio\/wp-content\/uploads\/2021\/06\/talleres-bolas-tejido-300x160.png 300w, https:\/\/www.rubendario.cl\/sitio\/wp-content\/uploads\/2021\/06\/talleres-bolas-tejido-460x245.png 460w, https:\/\/www.rubendario.cl\/sitio\/wp-content\/uploads\/2021\/06\/talleres-bolas-tejido-310x165.png 310w\" sizes=\"auto, (max-width: 660px) 100vw, 660px\" \/><\/p>\n<p>Durante el mes de junio, mes del medio ambiente en el <strong>Colegio Poeta Rub\u00e9n Dar\u00edo<\/strong>, queremos mostrar a ustedes algunas iniciativas de talleres o actividades que se han realizado durante el primer semestre, particularmente desarrolladas durante la semana de la familia, y que guardan relaci\u00f3n con la tem\u00e1tica ambiental.<\/p>\n<p>Cabe mencionar que, uno de nuestros objetivos institucionales declarados en nuestro <strong>Proyecto Educativo Institucional (PEI)<\/strong> es <span style=\"text-decoration: underline;\">Valorar los espacios y el entorno natural<\/span> y sus recursos, desarrollando un sentido de preservaci\u00f3n de un medio ambiente limpio y seguro, valorando que nuestra vida se desenvuelve en dicho contexto. Para ello, es que, hemos estado trabajando en la creaci\u00f3n de espacios de discusi\u00f3n y acciones concretas de participaci\u00f3n en instancias que sean un aporte a la comprensi\u00f3n y protecci\u00f3n del medio ambiente.<\/p>\n<p>A continuaci\u00f3n, mostramos evidencia de algunos de los <strong>cuatro talleres<\/strong> que abordaron la tem\u00e1tica ambiental, correspondientes al taller de esferas decorativas y el de reutilizaci\u00f3n textil, ambos a cargo de la profesora <strong>Francisca Barriga<\/strong>; el taller de gesti\u00f3n de residuos y compostaje de la profesora <strong>G\u00e9nesis Ord\u00f3\u00f1ez<\/strong>; y el taller de ecograbado de la profesora <strong>Carolina Dahlin<\/strong>.<\/p>\n<h4 style=\"text-align: center;\"><em><span style=\"color: #333399;\"><strong>Taller de esferas decorativas con Lana<\/strong><\/span><\/em><\/h4>\n<p style=\"text-align: center;\"><img loading=\"lazy\" decoding=\"async\" class=\"aligncenter size-full wp-image-19466\" src=\"https:\/\/www.rubendario.cl\/sitio\/wp-content\/uploads\/2021\/06\/talleres-bolas-decorativas.png\" alt=\"\" width=\"660\" height=\"528\" srcset=\"https:\/\/www.rubendario.cl\/sitio\/wp-content\/uploads\/2021\/06\/talleres-bolas-decorativas.png 660w, https:\/\/www.rubendario.cl\/sitio\/wp-content\/uploads\/2021\/06\/talleres-bolas-decorativas-300x240.png 300w, https:\/\/www.rubendario.cl\/sitio\/wp-content\/uploads\/2021\/06\/talleres-bolas-decorativas-460x368.png 460w\" sizes=\"auto, (max-width: 660px) 100vw, 660px\" \/><\/p>\n<h4 style=\"text-align: center;\"><em><span style=\"color: #333399;\"><strong>Taller de reutilizaci\u00f3n textil<\/strong><\/span><\/em><\/h4>\n<p style=\"text-align: center;\">\n<p style=\"text-align: center;\"><img loading=\"lazy\" decoding=\"async\" class=\"aligncenter size-full wp-image-19468\" src=\"https:\/\/www.rubendario.cl\/sitio\/wp-content\/uploads\/2021\/06\/reutilizacion-textil.png\" alt=\"\" width=\"660\" height=\"528\" srcset=\"https:\/\/www.rubendario.cl\/sitio\/wp-content\/uploads\/2021\/06\/reutilizacion-textil.png 660w, https:\/\/www.rubendario.cl\/sitio\/wp-content\/uploads\/2021\/06\/reutilizacion-textil-300x240.png 300w, https:\/\/www.rubendario.cl\/sitio\/wp-content\/uploads\/2021\/06\/reutilizacion-textil-460x368.png 460w\" sizes=\"auto, (max-width: 660px) 100vw, 660px\" \/><\/p>\n<p>\u00c1rea de Medio Ambiente, Convivencia Escolar,<br \/>\nColegio Poeta Rub\u00e9n Dar\u00edo<\/p>\n<p>&nbsp;<\/p>\n<p>&nbsp;<\/p>\n","protected":false},"excerpt":{"rendered":"<p>Durante el mes de junio, mes del medio ambiente en el Colegio Poeta Rub\u00e9n Dar\u00edo, queremos mostrar a ustedes algunas iniciativas de talleres o actividades que se han realizado durante el primer semestre, particularmente desarrolladas durante la semana de la familia, y que guardan relaci\u00f3n con la tem\u00e1tica ambiental. Cabe mencionar que, uno de nuestros &hellip;<\/p>\n","protected":false},"author":1,"featured_media":19469,"comment_status":"closed","ping_status":"open","sticky":false,"template":"","format":"standard","meta":{"footnotes":""},"categories":[178,54,183,188,176,186,72,189],"tags":[],"class_list":["post-19464","post","type-post","status-publish","format-standard","has-post-thumbnail","","category-178","category-contenidos","category-ecologia","category-estudiosydiscusion","category-medioambiente","category-notas","category-noticias","category-rubendariosustentable"],"publishpress_future_action":{"enabled":false,"date":"2026-05-10 11:05:52","action":"change-status","newStatus":"draft","terms":[],"taxonomy":"category","extraData":[]},"publishpress_future_workflow_manual_trigger":{"enabledWorkflows":[]},"_links":{"self":[{"href":"https:\/\/www.rubendario.cl\/sitio\/wp-json\/wp\/v2\/posts\/19464","targetHints":{"allow":["GET"]}}],"collection":[{"href":"https:\/\/www.rubendario.cl\/sitio\/wp-json\/wp\/v2\/posts"}],"about":[{"href":"https:\/\/www.rubendario.cl\/sitio\/wp-json\/wp\/v2\/types\/post"}],"author":[{"embeddable":true,"href":"https:\/\/www.rubendario.cl\/sitio\/wp-json\/wp\/v2\/users\/1"}],"replies":[{"embeddable":true,"href":"https:\/\/www.rubendario.cl\/sitio\/wp-json\/wp\/v2\/comments?post=19464"}],"version-history":[{"count":0,"href":"https:\/\/www.rubendario.cl\/sitio\/wp-json\/wp\/v2\/posts\/19464\/revisions"}],"wp:featuredmedia":[{"embeddable":true,"href":"https:\/\/www.rubendario.cl\/sitio\/wp-json\/wp\/v2\/media\/19469"}],"wp:attachment":[{"href":"https:\/\/www.rubendario.cl\/sitio\/wp-json\/wp\/v2\/media?parent=19464"}],"wp:term":[{"taxonomy":"category","embeddable":true,"href":"https:\/\/www.rubendario.cl\/sitio\/wp-json\/wp\/v2\/categories?post=19464"},{"taxonomy":"post_tag","embeddable":true,"href":"https:\/\/www.rubendario.cl\/sitio\/wp-json\/wp\/v2\/tags?post=19464"}],"curies":[{"name":"wp","href":"https:\/\/api.w.org\/{rel}","templated":true}]}}