{"id":19471,"date":"2021-06-09T21:18:50","date_gmt":"2021-06-10T01:18:50","guid":{"rendered":"https:\/\/www.rubendario.cl\/sitio\/?p=19471"},"modified":"2021-07-08T01:03:49","modified_gmt":"2021-07-08T05:03:49","slug":"la-pandemia-no-detiene-el-talento","status":"publish","type":"post","link":"https:\/\/www.rubendario.cl\/sitio\/la-pandemia-no-detiene-el-talento\/","title":{"rendered":"La pandemia no detiene el talento!!!"},"content":{"rendered":"<div dir=\"auto\"><img loading=\"lazy\" decoding=\"async\" class=\"aligncenter wp-image-19473 size-full\" src=\"https:\/\/www.rubendario.cl\/sitio\/wp-content\/uploads\/2021\/06\/banner-festival-voz-2021.png\" alt=\"\" width=\"660\" height=\"351\" srcset=\"https:\/\/www.rubendario.cl\/sitio\/wp-content\/uploads\/2021\/06\/banner-festival-voz-2021.png 660w, https:\/\/www.rubendario.cl\/sitio\/wp-content\/uploads\/2021\/06\/banner-festival-voz-2021-300x160.png 300w, https:\/\/www.rubendario.cl\/sitio\/wp-content\/uploads\/2021\/06\/banner-festival-voz-2021-460x245.png 460w, https:\/\/www.rubendario.cl\/sitio\/wp-content\/uploads\/2021\/06\/banner-festival-voz-2021-310x165.png 310w\" sizes=\"auto, (max-width: 660px) 100vw, 660px\" \/><\/div>\n<p style=\"text-align: center;\">Los invitamos a disfrutar de la m\u00fasica y el canto en la<\/p>\n<p style=\"text-align: center;\"><span style=\"color: #333399; font-size: 18pt;\"><em><strong>Octava Versi\u00f3n del Festival de la Voz<\/strong><\/em><\/span><\/p>\n<p>Este 2021 es un <strong>Festival Especial<\/strong>, dedicado a nuestra querida estudiante <strong>Gabriela Alcaino Donoso<\/strong>, quien hace tres a\u00f1os parti\u00f3, pero quien nos acompa\u00f1a a diario en nuestros corazones.<\/p>\n<p style=\"text-align: center;\">\n<p style=\"text-align: center;\"><span style=\"font-size: 14pt; color: #000080;\"><strong><em>\u00bfQu\u00e9, te lo perdiste? Aqu\u00ed lo tienes para t\u00ed, para que lo vuelvas a disfrutar una y otra vez.<\/em><\/strong><\/span><\/p>\n<p style=\"text-align: center;\">\u00a0<iframe loading=\"lazy\" src=\"https:\/\/player.vimeo.com\/video\/572402669\" width=\"640\" height=\"360\" frameborder=\"0\" allowfullscreen=\"allowfullscreen\"><\/iframe><\/p>\n","protected":false},"excerpt":{"rendered":"<p>Los invitamos a disfrutar de la m\u00fasica y el canto en la Octava Versi\u00f3n del Festival de la Voz Este 2021 es un Festival Especial, dedicado a nuestra querida estudiante Gabriela Alcaino Donoso, quien hace tres a\u00f1os parti\u00f3, pero quien nos acompa\u00f1a a diario en nuestros corazones. \u00bfQu\u00e9, te lo perdiste? Aqu\u00ed lo tienes para &hellip;<\/p>\n","protected":false},"author":1,"featured_media":19473,"comment_status":"closed","ping_status":"open","sticky":false,"template":"","format":"standard","meta":{"footnotes":""},"categories":[178,31,104,54,186,72],"tags":[],"class_list":["post-19471","post","type-post","status-publish","format-standard","has-post-thumbnail","","category-178","category-colegio","category-colegio-en-maipu","category-contenidos","category-notas","category-noticias"],"publishpress_future_action":{"enabled":false,"date":"2026-05-10 11:54:42","action":"change-status","newStatus":"draft","terms":[],"taxonomy":"category","extraData":[]},"publishpress_future_workflow_manual_trigger":{"enabledWorkflows":[]},"_links":{"self":[{"href":"https:\/\/www.rubendario.cl\/sitio\/wp-json\/wp\/v2\/posts\/19471","targetHints":{"allow":["GET"]}}],"collection":[{"href":"https:\/\/www.rubendario.cl\/sitio\/wp-json\/wp\/v2\/posts"}],"about":[{"href":"https:\/\/www.rubendario.cl\/sitio\/wp-json\/wp\/v2\/types\/post"}],"author":[{"embeddable":true,"href":"https:\/\/www.rubendario.cl\/sitio\/wp-json\/wp\/v2\/users\/1"}],"replies":[{"embeddable":true,"href":"https:\/\/www.rubendario.cl\/sitio\/wp-json\/wp\/v2\/comments?post=19471"}],"version-history":[{"count":0,"href":"https:\/\/www.rubendario.cl\/sitio\/wp-json\/wp\/v2\/posts\/19471\/revisions"}],"wp:featuredmedia":[{"embeddable":true,"href":"https:\/\/www.rubendario.cl\/sitio\/wp-json\/wp\/v2\/media\/19473"}],"wp:attachment":[{"href":"https:\/\/www.rubendario.cl\/sitio\/wp-json\/wp\/v2\/media?parent=19471"}],"wp:term":[{"taxonomy":"category","embeddable":true,"href":"https:\/\/www.rubendario.cl\/sitio\/wp-json\/wp\/v2\/categories?post=19471"},{"taxonomy":"post_tag","embeddable":true,"href":"https:\/\/www.rubendario.cl\/sitio\/wp-json\/wp\/v2\/tags?post=19471"}],"curies":[{"name":"wp","href":"https:\/\/api.w.org\/{rel}","templated":true}]}}