{"id":19496,"date":"2021-06-12T08:00:51","date_gmt":"2021-06-12T12:00:51","guid":{"rendered":"https:\/\/www.rubendario.cl\/sitio\/?p=19496"},"modified":"2021-07-06T15:36:48","modified_gmt":"2021-07-06T19:36:48","slug":"12-de-junio-dia-internacional-contra-el-trabajo-infantil","status":"publish","type":"post","link":"https:\/\/www.rubendario.cl\/sitio\/12-de-junio-dia-internacional-contra-el-trabajo-infantil\/","title":{"rendered":"12 de Junio: D\u00eda Internacional contra el Trabajo Infantil"},"content":{"rendered":"<p><img loading=\"lazy\" decoding=\"async\" class=\"aligncenter size-full wp-image-19498\" src=\"https:\/\/www.rubendario.cl\/sitio\/wp-content\/uploads\/2021\/06\/banner-crecer-portada.png\" alt=\"\" width=\"660\" height=\"351\" srcset=\"https:\/\/www.rubendario.cl\/sitio\/wp-content\/uploads\/2021\/06\/banner-crecer-portada.png 660w, https:\/\/www.rubendario.cl\/sitio\/wp-content\/uploads\/2021\/06\/banner-crecer-portada-300x160.png 300w, https:\/\/www.rubendario.cl\/sitio\/wp-content\/uploads\/2021\/06\/banner-crecer-portada-460x245.png 460w, https:\/\/www.rubendario.cl\/sitio\/wp-content\/uploads\/2021\/06\/banner-crecer-portada-310x165.png 310w\" sizes=\"auto, (max-width: 660px) 100vw, 660px\" \/><\/p>\n<p>Cada 12 de junio se recuerda a nivel global el d\u00eda internacional contra el trabajo infantil. El trabajo infantil se define como aquellas actividades que priva a los ni\u00f1os, ni\u00f1as y adolescentes (NNA) de su infancia, del desarrollo de su potencial y su dignidad, y que es nocivo para su desarrollo f\u00edsico y mental. De acuerdo con la Organizaci\u00f3n Internacional del Trabajo (OIT), corresponde al trabajo f\u00edsico, mental, social o moralmente perjudicial o da\u00f1ino para los NNA, que adem\u00e1s\u00a0<strong>interfiere a su escolarizaci\u00f3n priv\u00e1ndoles la oportunidad de ir a la escuela<\/strong><strong>,\u00a0<\/strong><strong>oblig\u00e1ndoles a abandonar prematuramente las aulas o<\/strong><strong>\u00a0<\/strong><strong>exigi\u00e9ndoles cambiar la asistencia a la escuela por largas jornadas de trabajo.<\/strong><\/p>\n<p>Seg\u00fan diferentes estudios aplicados en los \u00faltimos a\u00f1os, se indica que el 11% de NNA en el mundo trabajan (OIT, 2013) lo que equivale alrededor de 168 millones. Por otro lado, en Am\u00e9rica Latina y el Caribe esa cifra representa al 8,8%, es decir, unos 12,5 millones de NNA. Chile posee una de las cifras m\u00e1s bajas de trabajo infantil en Am\u00e9rica Latina llegando al 6,6%, lo que equivale a unos 219.624 de ni\u00f1os, ni\u00f1as y adolescentes. Sin embargo, en nuestro pa\u00eds tambi\u00e9n se evidencia que cerca del 30% de los\/las NNA entre 9 y 17 a\u00f1os realizan tareas dom\u00e9sticas por m\u00e1s de 2 horas al d\u00eda; y el 26% de los\/las NNA entre 15 y 17 a\u00f1os realiza actividades de cuidados de otras personas; 9 de cada 10 NNA se encuentran en situaci\u00f3n de trabajo peligroso; y finalmente, el sector del comercio minorista, transporte, alimentos y servicios representan el mayor porcentaje de trabajo infantil en Chile.<\/p>\n<p>Para profundizar m\u00e1s en el tema, te invitamos a visitar la p\u00e1gina del <strong>Observatorio de Trabajo Infantil del Ministerio del Trabajo<\/strong>, ingresando ac\u00e1:<\/p>\n<p style=\"text-align: center;\"><span style=\"font-size: 18pt;\"><a href=\"http:\/\/www.noaltrabajoinfantil.cl\/\">http:\/\/www.noaltrabajoinfantil.cl\/<\/a><\/span><\/p>\n<p>Adem\u00e1s, puedes visitar la estrategia nacional para la erradicaci\u00f3n del trabajo infantil y protecci\u00f3n del adolescente trabajador 2015 \u2013 2025, visitando el siguiente documento adjunto.<\/p>\n<p>Convivencia Escolar, Colegio Poeta Rub\u00e9n Dar\u00edo<\/p>\n<p>&nbsp;<\/p>\n<p><a href=\"https:\/\/drive.google.com\/file\/d\/1OO_gQMSw6SaTBS7m2rwp9Jz30GwsmUYA\/view?usp=sharing\"><img loading=\"lazy\" decoding=\"async\" class=\"aligncenter wp-image-19497 size-full\" src=\"https:\/\/www.rubendario.cl\/sitio\/wp-content\/uploads\/2021\/06\/banner-crecer.png\" alt=\"\" width=\"350\" height=\"339\" srcset=\"https:\/\/www.rubendario.cl\/sitio\/wp-content\/uploads\/2021\/06\/banner-crecer.png 350w, https:\/\/www.rubendario.cl\/sitio\/wp-content\/uploads\/2021\/06\/banner-crecer-300x291.png 300w\" sizes=\"auto, (max-width: 350px) 100vw, 350px\" \/><\/a><\/p>\n<p style=\"text-align: center;\"><em>Clic en la imagen para ver y descargar<\/em><\/p>\n","protected":false},"excerpt":{"rendered":"<p>Cada 12 de junio se recuerda a nivel global el d\u00eda internacional contra el trabajo infantil. El trabajo infantil se define como aquellas actividades que priva a los ni\u00f1os, ni\u00f1as y adolescentes (NNA) de su infancia, del desarrollo de su potencial y su dignidad, y que es nocivo para su desarrollo f\u00edsico y mental. De &hellip;<\/p>\n","protected":false},"author":1,"featured_media":19498,"comment_status":"closed","ping_status":"open","sticky":false,"template":"","format":"standard","meta":{"footnotes":""},"categories":[178,104,54,123,186,72],"tags":[],"class_list":["post-19496","post","type-post","status-publish","format-standard","has-post-thumbnail","","category-178","category-colegio-en-maipu","category-contenidos","category-convenios","category-notas","category-noticias"],"publishpress_future_action":{"enabled":false,"date":"2026-05-10 11:54:26","action":"change-status","newStatus":"draft","terms":[],"taxonomy":"category","extraData":[]},"publishpress_future_workflow_manual_trigger":{"enabledWorkflows":[]},"_links":{"self":[{"href":"https:\/\/www.rubendario.cl\/sitio\/wp-json\/wp\/v2\/posts\/19496","targetHints":{"allow":["GET"]}}],"collection":[{"href":"https:\/\/www.rubendario.cl\/sitio\/wp-json\/wp\/v2\/posts"}],"about":[{"href":"https:\/\/www.rubendario.cl\/sitio\/wp-json\/wp\/v2\/types\/post"}],"author":[{"embeddable":true,"href":"https:\/\/www.rubendario.cl\/sitio\/wp-json\/wp\/v2\/users\/1"}],"replies":[{"embeddable":true,"href":"https:\/\/www.rubendario.cl\/sitio\/wp-json\/wp\/v2\/comments?post=19496"}],"version-history":[{"count":0,"href":"https:\/\/www.rubendario.cl\/sitio\/wp-json\/wp\/v2\/posts\/19496\/revisions"}],"wp:featuredmedia":[{"embeddable":true,"href":"https:\/\/www.rubendario.cl\/sitio\/wp-json\/wp\/v2\/media\/19498"}],"wp:attachment":[{"href":"https:\/\/www.rubendario.cl\/sitio\/wp-json\/wp\/v2\/media?parent=19496"}],"wp:term":[{"taxonomy":"category","embeddable":true,"href":"https:\/\/www.rubendario.cl\/sitio\/wp-json\/wp\/v2\/categories?post=19496"},{"taxonomy":"post_tag","embeddable":true,"href":"https:\/\/www.rubendario.cl\/sitio\/wp-json\/wp\/v2\/tags?post=19496"}],"curies":[{"name":"wp","href":"https:\/\/api.w.org\/{rel}","templated":true}]}}