{"id":19502,"date":"2021-06-17T08:00:36","date_gmt":"2021-06-17T12:00:36","guid":{"rendered":"https:\/\/www.rubendario.cl\/sitio\/?p=19502"},"modified":"2021-07-16T15:37:35","modified_gmt":"2021-07-16T19:37:35","slug":"iniciativas-ambientales-ruberianas-huertos-verticales","status":"publish","type":"post","link":"https:\/\/www.rubendario.cl\/sitio\/iniciativas-ambientales-ruberianas-huertos-verticales\/","title":{"rendered":"Iniciativas Ambientales Ruberianas: Huertos Verticales"},"content":{"rendered":"<p><img loading=\"lazy\" decoding=\"async\" class=\"aligncenter size-full wp-image-19503\" src=\"https:\/\/www.rubendario.cl\/sitio\/wp-content\/uploads\/2021\/06\/banner-huerto-vertical.png\" alt=\"\" width=\"660\" height=\"351\" srcset=\"https:\/\/www.rubendario.cl\/sitio\/wp-content\/uploads\/2021\/06\/banner-huerto-vertical.png 660w, https:\/\/www.rubendario.cl\/sitio\/wp-content\/uploads\/2021\/06\/banner-huerto-vertical-300x160.png 300w, https:\/\/www.rubendario.cl\/sitio\/wp-content\/uploads\/2021\/06\/banner-huerto-vertical-460x245.png 460w, https:\/\/www.rubendario.cl\/sitio\/wp-content\/uploads\/2021\/06\/banner-huerto-vertical-310x165.png 310w\" sizes=\"auto, (max-width: 660px) 100vw, 660px\" \/><\/p>\n<p>Durante el mes de junio, mes del medio ambiente en el <strong>Colegio Poeta Rub\u00e9n Dar\u00edo<\/strong>, queremos mostrar a ustedes algunas iniciativas de talleres o actividades que se han realizado durante el primer semestre, y que guardan relaci\u00f3n con la tem\u00e1tica ambiental.<\/p>\n<p>En esta ocasi\u00f3n, estudiantes de 2\u00b0 medio de nuestro Colegio, en una actividad en clase de educaci\u00f3n tecnol\u00f3gica guiada por la profesora Katherine Retamales, construyeron sus propios huertos verticales, con el objetivo de tomar conciencia sobre la importancia del cuidado del medio ambiente y el fomento de acciones ambientales.<\/p>\n<p>Los huertos verticales poseen gran importancia en la actualidad, actuando como una herramienta pedag\u00f3gica de gran relevancia para la formaci\u00f3n de los y las estudiantes, transform\u00e1ndose as\u00ed en una estrategia integral de aprendizaje m\u00e1s all\u00e1 del aula, vinculando en el aprender, el contacto con la naturaleza, la experiencia en el hacer y la valoraci\u00f3n de nuestro entorno socio-natural.<\/p>\n<p>Adem\u00e1s, diferentes estudios han sostenido c\u00f3mo los huertos no solo pueden transformarse en un aula de aprendizaje para los y las estudiantes (Currie, 2011; JUNAEB, 2016; INTA, 2017), sino que tambi\u00e9n, tienen beneficios en cuanto a la disminuci\u00f3n de la temperatura del aire, actuando como islas fr\u00edas en zonas urbanas (Smith &amp; Romero, 2016); mejorarando la calidad del ambiente, reteniendo CO<sup>2<\/sup>, reduciendo la poluci\u00f3n del aire, aislando el ruido, entre otros (Abkari &amp; Konopacki, 2005).<\/p>\n<p>A continuaci\u00f3n, les mostramos el siguiente video que presenta los huertos construidos por los y las estudiantes:<\/p>\n<p><strong>Construcci\u00f3n de huertos verticales en contexto de pandemia.<\/strong><\/p>\n<p>&nbsp;<\/p>\n<p style=\"text-align: center;\"><iframe loading=\"lazy\" src=\"https:\/\/player.vimeo.com\/video\/563449530\" width=\"640\" height=\"360\" frameborder=\"0\" allowfullscreen=\"allowfullscreen\"><\/iframe><\/p>\n<p>&nbsp;<\/p>\n<p>\u00c1rea de Medio Ambiente, Convivencia Escolar,<br \/>\nColegio Poeta Rub\u00e9n Dar\u00edo<\/p>\n","protected":false},"excerpt":{"rendered":"<p>Durante el mes de junio, mes del medio ambiente en el Colegio Poeta Rub\u00e9n Dar\u00edo, queremos mostrar a ustedes algunas iniciativas de talleres o actividades que se han realizado durante el primer semestre, y que guardan relaci\u00f3n con la tem\u00e1tica ambiental. En esta ocasi\u00f3n, estudiantes de 2\u00b0 medio de nuestro Colegio, en una actividad en &hellip;<\/p>\n","protected":false},"author":1,"featured_media":19503,"comment_status":"closed","ping_status":"open","sticky":false,"template":"","format":"standard","meta":{"footnotes":""},"categories":[178,31,104,54,183,176,186,72,189],"tags":[],"class_list":["post-19502","post","type-post","status-publish","format-standard","has-post-thumbnail","","category-178","category-colegio","category-colegio-en-maipu","category-contenidos","category-ecologia","category-medioambiente","category-notas","category-noticias","category-rubendariosustentable"],"publishpress_future_action":{"enabled":false,"date":"2026-05-10 12:10:38","action":"change-status","newStatus":"draft","terms":[],"taxonomy":"category","extraData":[]},"publishpress_future_workflow_manual_trigger":{"enabledWorkflows":[]},"_links":{"self":[{"href":"https:\/\/www.rubendario.cl\/sitio\/wp-json\/wp\/v2\/posts\/19502","targetHints":{"allow":["GET"]}}],"collection":[{"href":"https:\/\/www.rubendario.cl\/sitio\/wp-json\/wp\/v2\/posts"}],"about":[{"href":"https:\/\/www.rubendario.cl\/sitio\/wp-json\/wp\/v2\/types\/post"}],"author":[{"embeddable":true,"href":"https:\/\/www.rubendario.cl\/sitio\/wp-json\/wp\/v2\/users\/1"}],"replies":[{"embeddable":true,"href":"https:\/\/www.rubendario.cl\/sitio\/wp-json\/wp\/v2\/comments?post=19502"}],"version-history":[{"count":0,"href":"https:\/\/www.rubendario.cl\/sitio\/wp-json\/wp\/v2\/posts\/19502\/revisions"}],"wp:featuredmedia":[{"embeddable":true,"href":"https:\/\/www.rubendario.cl\/sitio\/wp-json\/wp\/v2\/media\/19503"}],"wp:attachment":[{"href":"https:\/\/www.rubendario.cl\/sitio\/wp-json\/wp\/v2\/media?parent=19502"}],"wp:term":[{"taxonomy":"category","embeddable":true,"href":"https:\/\/www.rubendario.cl\/sitio\/wp-json\/wp\/v2\/categories?post=19502"},{"taxonomy":"post_tag","embeddable":true,"href":"https:\/\/www.rubendario.cl\/sitio\/wp-json\/wp\/v2\/tags?post=19502"}],"curies":[{"name":"wp","href":"https:\/\/api.w.org\/{rel}","templated":true}]}}