{"id":19505,"date":"2021-06-22T08:00:50","date_gmt":"2021-06-22T12:00:50","guid":{"rendered":"https:\/\/www.rubendario.cl\/sitio\/?p=19505"},"modified":"2021-07-16T15:37:35","modified_gmt":"2021-07-16T19:37:35","slug":"alimentacion-sustentable-la-huella-ecologica-de-los-alimentos","status":"publish","type":"post","link":"https:\/\/www.rubendario.cl\/sitio\/alimentacion-sustentable-la-huella-ecologica-de-los-alimentos\/","title":{"rendered":"Alimentaci\u00f3n Sustentable: La Huella Ecol\u00f3gica de los Alimentos"},"content":{"rendered":"<p><img loading=\"lazy\" decoding=\"async\" class=\"aligncenter size-full wp-image-19507\" src=\"https:\/\/www.rubendario.cl\/sitio\/wp-content\/uploads\/2021\/06\/banner-alimentacionsana.png\" alt=\"\" width=\"660\" height=\"351\" srcset=\"https:\/\/www.rubendario.cl\/sitio\/wp-content\/uploads\/2021\/06\/banner-alimentacionsana.png 660w, https:\/\/www.rubendario.cl\/sitio\/wp-content\/uploads\/2021\/06\/banner-alimentacionsana-300x160.png 300w, https:\/\/www.rubendario.cl\/sitio\/wp-content\/uploads\/2021\/06\/banner-alimentacionsana-460x245.png 460w, https:\/\/www.rubendario.cl\/sitio\/wp-content\/uploads\/2021\/06\/banner-alimentacionsana-310x165.png 310w\" sizes=\"auto, (max-width: 660px) 100vw, 660px\" \/><\/p>\n<p>En el marco de la celebraci\u00f3n del mes del medio ambiente en el <strong>Colegio Poeta Rub\u00e9n Dar\u00edo<\/strong>, es que, hoy viernes 18 de junio se desarroll\u00f3 una charla para estudiantes del 5\u00b0A y 6\u00b0B, cuyo t\u00edtulo fue <em><strong>\u201cAlimentaci\u00f3n sustentable: la huella ecol\u00f3gica de los alimentos\u201d<\/strong><\/em>. Esta charla estuvo a cargo de Roxanna R\u00edos, Arquitecta y Mag\u00edster en Desarrollo Urbano de la Pontificia Universidad Cat\u00f3lica de Chile, y profesional del <strong>Centro de Desarrollo Urbano Sustentable CEDEUS<\/strong>.<\/p>\n<p>Esta iniciativa se enmarca en uno de nuestros objetivos institucionales declarados en nuestro <strong>Proyecto Educativo Institucional (PEI)<\/strong>, correspondiente a valorar los espacios y el entorno natural y sus recursos, desarrollando un sentido de preservaci\u00f3n de un medio ambiente limpio y seguro, valorando que nuestra vida se desenvuelve en dicho contexto. Creemos que este tipo de iniciativas buscan la creaci\u00f3n de espacios de discusi\u00f3n y as\u00ed, poder tomar acciones concretas de participaci\u00f3n en instancias que sean un aporte a la comprensi\u00f3n y protecci\u00f3n del medio ambiente.<\/p>\n<p>A continuaci\u00f3n, mostramos evidencia de la actividad desarrollada:<\/p>\n<p><img loading=\"lazy\" decoding=\"async\" class=\"aligncenter size-full wp-image-19506\" src=\"https:\/\/www.rubendario.cl\/sitio\/wp-content\/uploads\/2021\/06\/collage-alimentacionsana.png\" alt=\"\" width=\"660\" height=\"528\" srcset=\"https:\/\/www.rubendario.cl\/sitio\/wp-content\/uploads\/2021\/06\/collage-alimentacionsana.png 660w, https:\/\/www.rubendario.cl\/sitio\/wp-content\/uploads\/2021\/06\/collage-alimentacionsana-300x240.png 300w, https:\/\/www.rubendario.cl\/sitio\/wp-content\/uploads\/2021\/06\/collage-alimentacionsana-460x368.png 460w\" sizes=\"auto, (max-width: 660px) 100vw, 660px\" \/><\/p>\n<p>Adem\u00e1s, dejamos con ustedes la presentaci\u00f3n llevada a cabo por Roxanna, y as\u00ed conocer m\u00e1s sobre la alimentaci\u00f3n sustentable.<\/p>\n<p><a href=\"http:\/\/bit.ly\/rd-alimentacionsana\"><img loading=\"lazy\" decoding=\"async\" class=\"aligncenter wp-image-19508\" src=\"https:\/\/www.rubendario.cl\/sitio\/wp-content\/uploads\/2021\/06\/portada-alimentacionsana.png\" alt=\"\" width=\"350\" height=\"264\" srcset=\"https:\/\/www.rubendario.cl\/sitio\/wp-content\/uploads\/2021\/06\/portada-alimentacionsana.png 350w, https:\/\/www.rubendario.cl\/sitio\/wp-content\/uploads\/2021\/06\/portada-alimentacionsana-300x226.png 300w\" sizes=\"auto, (max-width: 350px) 100vw, 350px\" \/><\/a><\/p>\n<p style=\"text-align: center;\"><em>Clic en la portada para descargar documento<\/em><\/p>\n<p><strong>\u00a0<\/strong><\/p>\n<p>\u00c1rea de Medio Ambiente, Convivencia Escolar<br \/>\nColegio Poeta Rub\u00e9n Dar\u00edo<\/p>\n","protected":false},"excerpt":{"rendered":"<p>En el marco de la celebraci\u00f3n del mes del medio ambiente en el Colegio Poeta Rub\u00e9n Dar\u00edo, es que, hoy viernes 18 de junio se desarroll\u00f3 una charla para estudiantes del 5\u00b0A y 6\u00b0B, cuyo t\u00edtulo fue \u201cAlimentaci\u00f3n sustentable: la huella ecol\u00f3gica de los alimentos\u201d. Esta charla estuvo a cargo de Roxanna R\u00edos, Arquitecta y &hellip;<\/p>\n","protected":false},"author":1,"featured_media":19507,"comment_status":"closed","ping_status":"open","sticky":false,"template":"","format":"standard","meta":{"footnotes":""},"categories":[178,31,104,54,183,176,186,72,79,189],"tags":[],"class_list":["post-19505","post","type-post","status-publish","format-standard","has-post-thumbnail","","category-178","category-colegio","category-colegio-en-maipu","category-contenidos","category-ecologia","category-medioambiente","category-notas","category-noticias","category-nutricion","category-rubendariosustentable"],"publishpress_future_action":{"enabled":false,"date":"2026-05-10 11:19:31","action":"change-status","newStatus":"draft","terms":[],"taxonomy":"category","extraData":[]},"publishpress_future_workflow_manual_trigger":{"enabledWorkflows":[]},"_links":{"self":[{"href":"https:\/\/www.rubendario.cl\/sitio\/wp-json\/wp\/v2\/posts\/19505","targetHints":{"allow":["GET"]}}],"collection":[{"href":"https:\/\/www.rubendario.cl\/sitio\/wp-json\/wp\/v2\/posts"}],"about":[{"href":"https:\/\/www.rubendario.cl\/sitio\/wp-json\/wp\/v2\/types\/post"}],"author":[{"embeddable":true,"href":"https:\/\/www.rubendario.cl\/sitio\/wp-json\/wp\/v2\/users\/1"}],"replies":[{"embeddable":true,"href":"https:\/\/www.rubendario.cl\/sitio\/wp-json\/wp\/v2\/comments?post=19505"}],"version-history":[{"count":0,"href":"https:\/\/www.rubendario.cl\/sitio\/wp-json\/wp\/v2\/posts\/19505\/revisions"}],"wp:featuredmedia":[{"embeddable":true,"href":"https:\/\/www.rubendario.cl\/sitio\/wp-json\/wp\/v2\/media\/19507"}],"wp:attachment":[{"href":"https:\/\/www.rubendario.cl\/sitio\/wp-json\/wp\/v2\/media?parent=19505"}],"wp:term":[{"taxonomy":"category","embeddable":true,"href":"https:\/\/www.rubendario.cl\/sitio\/wp-json\/wp\/v2\/categories?post=19505"},{"taxonomy":"post_tag","embeddable":true,"href":"https:\/\/www.rubendario.cl\/sitio\/wp-json\/wp\/v2\/tags?post=19505"}],"curies":[{"name":"wp","href":"https:\/\/api.w.org\/{rel}","templated":true}]}}