{"id":19591,"date":"2021-06-18T19:31:13","date_gmt":"2021-06-18T23:31:13","guid":{"rendered":"https:\/\/www.rubendario.cl\/sitio\/?p=19591"},"modified":"2021-06-18T19:31:13","modified_gmt":"2021-06-18T23:31:13","slug":"refugiados-climaticos-la-verdadera-catastrofe-ambiental","status":"publish","type":"post","link":"https:\/\/www.rubendario.cl\/sitio\/refugiados-climaticos-la-verdadera-catastrofe-ambiental\/","title":{"rendered":"Refugiados clim\u00e1ticos &#8211; La verdadera cat\u00e1strofe ambiental"},"content":{"rendered":"<p style=\"text-align: center;\"><iframe loading=\"lazy\" title=\"YouTube video player\" src=\"https:\/\/www.youtube.com\/embed\/HufPb_j7UE4\" width=\"560\" height=\"315\" frameborder=\"0\" allowfullscreen=\"allowfullscreen\"><\/iframe><\/p>\n<p>El tama\u00f1o del lago Chad, en el Sahel, se ha reducido un 90% desde la d\u00e9cada de 1960 debido al incremento de las temperaturas. En el transcurso de este siglo, el lago probablemente desaparecer\u00e1 por completo. Las 40 millones de personas que a\u00fan viven de \u00e9l se ver\u00e1n obligadas a emigrar hacia el sur, donde hay m\u00e1s precipitaciones. Es un desastre anunciado.<\/p>\n<p>La migraci\u00f3n siempre ha existido como una estrategia de adaptaci\u00f3n al entorno cambiante. Pero el n\u00famero de personas obligadas a migrar debido al cambio clim\u00e1tico lleva aumentando dr\u00e1sticamente desde los a\u00f1os 1990. Es una doble injusticia: los pa\u00edses industrializados, que se enriquecieron a expensas de otros pa\u00edses, da\u00f1an la atm\u00f3sfera con sus emisiones y condenan a los habitantes de las regiones m\u00e1s pobres a ser v\u00edctimas por segunda vez. Es el caso de Mohammed Ibrahim.<\/p>\n<p>Cuando el lago Chad empez\u00f3 a calentarse y secarse cada vez m\u00e1s, decidi\u00f3 migrar donde las temperaturas no eran tan inhumanas y a\u00fan quedaba algo de agua. Durante muchos a\u00f1os y en compa\u00f1\u00eda de su esposa, sus hijos y sus 70 camellos, pas\u00f3 de N\u00edger a Chad y despu\u00e9s cada vez m\u00e1s al sur. El calor sofocante persigui\u00f3 a Mohammed y sus animales, que se fueron muriendo de sed. Ahora vive con su familia en un campamento de refugiados cerca del lago Chad y solo le quedan siete camellos.<\/p>\n<p>Mohammed Ibrahim es una de las tantas personas del Sahel que han abandonado su tierra natal no por guerras ni crisis, sino por las altas temperaturas. Es un refugiado clim\u00e1tico. \u00bfCu\u00e1ntas personas se ver\u00e1n obligadas a abandonar sus hogares para mediados de este siglo? El documental aborda esta cuesti\u00f3n y para ello va a la zona del Sahel, a Indonesia y a la tundra rusa, los denominados focos del cambio clim\u00e1tico.<\/p>\n","protected":false},"excerpt":{"rendered":"<p>El tama\u00f1o del lago Chad, en el Sahel, se ha reducido un 90% desde la d\u00e9cada de 1960 debido al incremento de las temperaturas. En el transcurso de este siglo, el lago probablemente desaparecer\u00e1 por completo. Las 40 millones de personas que a\u00fan viven de \u00e9l se ver\u00e1n obligadas a emigrar hacia el sur, donde &hellip;<\/p>\n","protected":false},"author":1,"featured_media":19592,"comment_status":"closed","ping_status":"open","sticky":false,"template":"","format":"standard","meta":{"footnotes":""},"categories":[184],"tags":[],"class_list":["post-19591","post","type-post","status-publish","format-standard","has-post-thumbnail","","category-docuecologia"],"publishpress_future_action":{"enabled":false,"date":"2026-05-10 12:06:40","action":"change-status","newStatus":"draft","terms":[],"taxonomy":"category","extraData":[]},"publishpress_future_workflow_manual_trigger":{"enabledWorkflows":[]},"_links":{"self":[{"href":"https:\/\/www.rubendario.cl\/sitio\/wp-json\/wp\/v2\/posts\/19591","targetHints":{"allow":["GET"]}}],"collection":[{"href":"https:\/\/www.rubendario.cl\/sitio\/wp-json\/wp\/v2\/posts"}],"about":[{"href":"https:\/\/www.rubendario.cl\/sitio\/wp-json\/wp\/v2\/types\/post"}],"author":[{"embeddable":true,"href":"https:\/\/www.rubendario.cl\/sitio\/wp-json\/wp\/v2\/users\/1"}],"replies":[{"embeddable":true,"href":"https:\/\/www.rubendario.cl\/sitio\/wp-json\/wp\/v2\/comments?post=19591"}],"version-history":[{"count":0,"href":"https:\/\/www.rubendario.cl\/sitio\/wp-json\/wp\/v2\/posts\/19591\/revisions"}],"wp:featuredmedia":[{"embeddable":true,"href":"https:\/\/www.rubendario.cl\/sitio\/wp-json\/wp\/v2\/media\/19592"}],"wp:attachment":[{"href":"https:\/\/www.rubendario.cl\/sitio\/wp-json\/wp\/v2\/media?parent=19591"}],"wp:term":[{"taxonomy":"category","embeddable":true,"href":"https:\/\/www.rubendario.cl\/sitio\/wp-json\/wp\/v2\/categories?post=19591"},{"taxonomy":"post_tag","embeddable":true,"href":"https:\/\/www.rubendario.cl\/sitio\/wp-json\/wp\/v2\/tags?post=19591"}],"curies":[{"name":"wp","href":"https:\/\/api.w.org\/{rel}","templated":true}]}}