{"id":19603,"date":"2021-06-28T08:00:21","date_gmt":"2021-06-28T12:00:21","guid":{"rendered":"https:\/\/www.rubendario.cl\/sitio\/?p=19603"},"modified":"2021-07-16T15:37:35","modified_gmt":"2021-07-16T19:37:35","slug":"dia-del-arbol","status":"publish","type":"post","link":"https:\/\/www.rubendario.cl\/sitio\/dia-del-arbol\/","title":{"rendered":"D\u00eda del Arbol"},"content":{"rendered":"<p><img loading=\"lazy\" decoding=\"async\" class=\"aligncenter size-full wp-image-19604\" src=\"https:\/\/www.rubendario.cl\/sitio\/wp-content\/uploads\/2021\/06\/banner-dia-arbol.png\" alt=\"\" width=\"660\" height=\"351\" srcset=\"https:\/\/www.rubendario.cl\/sitio\/wp-content\/uploads\/2021\/06\/banner-dia-arbol.png 660w, https:\/\/www.rubendario.cl\/sitio\/wp-content\/uploads\/2021\/06\/banner-dia-arbol-300x160.png 300w, https:\/\/www.rubendario.cl\/sitio\/wp-content\/uploads\/2021\/06\/banner-dia-arbol-460x245.png 460w, https:\/\/www.rubendario.cl\/sitio\/wp-content\/uploads\/2021\/06\/banner-dia-arbol-310x165.png 310w\" sizes=\"auto, (max-width: 660px) 100vw, 660px\" \/><\/p>\n<p>Cada 28 de junio se celebra a nivel mundial el <span style=\"color: #008000;\"><strong>D\u00eda del \u00c1rbol<\/strong><\/span>, con el objetivo de informar sobre la importancia de los \u00e1rboles en la vida del planeta, y sensibilizar a la poblaci\u00f3n mundial sobre la necesidad de conservar el medio ambiente.<\/p>\n<p>Los \u00e1rboles, juegan un rol clave en la conservaci\u00f3n del medio ambiente, como, por ejemplo:<\/p>\n<ul>\n<li>Liberan el ox\u00edgeno y absorben el di\u00f3xido de carbono en biomasa<\/li>\n<li>Regulan el ciclo hidrol\u00f3gico contribuyendo a reducir las inundaciones<\/li>\n<li>Previenen la erosi\u00f3n de los suelos<\/li>\n<li>Constituyen el h\u00e1bitat de m\u00faltiples especies como aves, plantas, mam\u00edferos, reptiles, anfibios.<\/li>\n<li>Contribuyen a regular la temperatura de aire, y as\u00ed disminuir los efectos del cambio clim\u00e1tico.<\/li>\n<\/ul>\n<p>En este d\u00eda, celebramos como <strong>efem\u00e9ride ambiental<\/strong> en nuestra comunidad Ruberiana el <span style=\"color: #008000;\"><strong>D\u00eda Mundial del \u00c1rbol<\/strong><\/span>. S\u00famate a reflexionar sobre esto y qu\u00e9 puedes hacer t\u00fa junto a tu familia en este d\u00eda.<\/p>\n<p>\u00c1rea de Medio Ambiente, Convivencia Escolar,<br \/>\nColegio Poeta Rub\u00e9n Dar\u00edo<\/p>\n","protected":false},"excerpt":{"rendered":"<p>Cada 28 de junio se celebra a nivel mundial el D\u00eda del \u00c1rbol, con el objetivo de informar sobre la importancia de los \u00e1rboles en la vida del planeta, y sensibilizar a la poblaci\u00f3n mundial sobre la necesidad de conservar el medio ambiente. Los \u00e1rboles, juegan un rol clave en la conservaci\u00f3n del medio ambiente, &hellip;<\/p>\n","protected":false},"author":1,"featured_media":19604,"comment_status":"closed","ping_status":"open","sticky":false,"template":"","format":"standard","meta":{"footnotes":""},"categories":[178,31,104,54,182,176,186,72,189],"tags":[],"class_list":["post-19603","post","type-post","status-publish","format-standard","has-post-thumbnail","","category-178","category-colegio","category-colegio-en-maipu","category-contenidos","category-efemerides","category-medioambiente","category-notas","category-noticias","category-rubendariosustentable"],"publishpress_future_action":{"enabled":false,"date":"2026-05-10 11:54:41","action":"change-status","newStatus":"draft","terms":[],"taxonomy":"category","extraData":[]},"publishpress_future_workflow_manual_trigger":{"enabledWorkflows":[]},"_links":{"self":[{"href":"https:\/\/www.rubendario.cl\/sitio\/wp-json\/wp\/v2\/posts\/19603","targetHints":{"allow":["GET"]}}],"collection":[{"href":"https:\/\/www.rubendario.cl\/sitio\/wp-json\/wp\/v2\/posts"}],"about":[{"href":"https:\/\/www.rubendario.cl\/sitio\/wp-json\/wp\/v2\/types\/post"}],"author":[{"embeddable":true,"href":"https:\/\/www.rubendario.cl\/sitio\/wp-json\/wp\/v2\/users\/1"}],"replies":[{"embeddable":true,"href":"https:\/\/www.rubendario.cl\/sitio\/wp-json\/wp\/v2\/comments?post=19603"}],"version-history":[{"count":0,"href":"https:\/\/www.rubendario.cl\/sitio\/wp-json\/wp\/v2\/posts\/19603\/revisions"}],"wp:featuredmedia":[{"embeddable":true,"href":"https:\/\/www.rubendario.cl\/sitio\/wp-json\/wp\/v2\/media\/19604"}],"wp:attachment":[{"href":"https:\/\/www.rubendario.cl\/sitio\/wp-json\/wp\/v2\/media?parent=19603"}],"wp:term":[{"taxonomy":"category","embeddable":true,"href":"https:\/\/www.rubendario.cl\/sitio\/wp-json\/wp\/v2\/categories?post=19603"},{"taxonomy":"post_tag","embeddable":true,"href":"https:\/\/www.rubendario.cl\/sitio\/wp-json\/wp\/v2\/tags?post=19603"}],"curies":[{"name":"wp","href":"https:\/\/api.w.org\/{rel}","templated":true}]}}