{"id":19615,"date":"2021-07-01T08:00:54","date_gmt":"2021-07-01T12:00:54","guid":{"rendered":"https:\/\/www.rubendario.cl\/sitio\/?p=19615"},"modified":"2021-07-16T15:37:34","modified_gmt":"2021-07-16T19:37:34","slug":"gestion-de-los-residuos-en-el-hogar","status":"publish","type":"post","link":"https:\/\/www.rubendario.cl\/sitio\/gestion-de-los-residuos-en-el-hogar\/","title":{"rendered":"Gesti\u00f3n de los Residuos en el Hogar"},"content":{"rendered":"<p><img loading=\"lazy\" decoding=\"async\" class=\"aligncenter size-full wp-image-19626\" src=\"https:\/\/www.rubendario.cl\/sitio\/wp-content\/uploads\/2021\/07\/banner-gestion.png\" alt=\"\" width=\"660\" height=\"351\" srcset=\"https:\/\/www.rubendario.cl\/sitio\/wp-content\/uploads\/2021\/07\/banner-gestion.png 660w, https:\/\/www.rubendario.cl\/sitio\/wp-content\/uploads\/2021\/07\/banner-gestion-300x160.png 300w, https:\/\/www.rubendario.cl\/sitio\/wp-content\/uploads\/2021\/07\/banner-gestion-460x245.png 460w, https:\/\/www.rubendario.cl\/sitio\/wp-content\/uploads\/2021\/07\/banner-gestion-310x165.png 310w\" sizes=\"auto, (max-width: 660px) 100vw, 660px\" \/><\/p>\n<p>En el marco de la celebraci\u00f3n del mes del medio ambiente en el <strong>Colegio Poeta Rub\u00e9n Dar\u00edo<\/strong>, es\u00a0que, hoy viernes 25 de junio se desarroll\u00f3 una charla para estudiantes del 5\u00b0B y 6\u00b0A, cuyo t\u00edtulo\u00a0fue <strong>\u201cGesti\u00f3n de los residuos en el hogar\u201d<\/strong>. Esta charla estuvo a cargo de <strong>Roxanna R\u00edos, Arquitecta y\u00a0Mag\u00edster en Desarrollo Urbano de la Pontificia Universidad Cat\u00f3lica de Chile, y profesional del\u00a0Centro de Desarrollo Urbano Sustentable CEDEUS.<\/strong><\/p>\n<p>Esta iniciativa se enmarca en uno de nuestros objetivos institucionales declarados en nuestro <strong>Proyecto Educativo Institucional (PEI)<\/strong>, correspondiente a valorar los espacios y el entorno natural\u00a0y sus recursos, desarrollando un sentido de preservaci\u00f3n de un medio ambiente limpio y seguro,\u00a0valorando que nuestra vida se desenvuelve en dicho contexto. Creemos que este tipo de\u00a0iniciativas buscan la creaci\u00f3n de espacios de discusi\u00f3n y as\u00ed, poder tomar acciones concretas de\u00a0participaci\u00f3n en instancias que sean un aporte a la comprensi\u00f3n y protecci\u00f3n del medio ambiente.<\/p>\n<p>A continuaci\u00f3n, dejamos con ustedes la presentaci\u00f3n llevada a cabo por <strong>Roxanna<\/strong>, y as\u00ed conocer m\u00e1s sobre la gesti\u00f3n de residuos en el hogar.<\/p>\n<p><a href=\"https:\/\/drive.google.com\/file\/d\/1sGoRjBCOU0Dnwhn39ZUkJ_3_P4FS29OY\/view?usp=sharing\"><img loading=\"lazy\" decoding=\"async\" class=\"aligncenter wp-image-19616 size-full\" src=\"https:\/\/www.rubendario.cl\/sitio\/wp-content\/uploads\/2021\/06\/maqueta-gestion.png\" alt=\"\" width=\"300\" height=\"222\" \/><\/a><\/p>\n<p>&nbsp;<\/p>\n<p>\u00c1rea de Medio Ambiente, Convivencia Escolar,<br \/>\nColegio Poeta Rub\u00e9n Dar\u00edo<\/p>\n","protected":false},"excerpt":{"rendered":"<p>En el marco de la celebraci\u00f3n del mes del medio ambiente en el Colegio Poeta Rub\u00e9n Dar\u00edo, es\u00a0que, hoy viernes 25 de junio se desarroll\u00f3 una charla para estudiantes del 5\u00b0B y 6\u00b0A, cuyo t\u00edtulo\u00a0fue \u201cGesti\u00f3n de los residuos en el hogar\u201d. Esta charla estuvo a cargo de Roxanna R\u00edos, Arquitecta y\u00a0Mag\u00edster en Desarrollo Urbano &hellip;<\/p>\n","protected":false},"author":1,"featured_media":19626,"comment_status":"closed","ping_status":"open","sticky":false,"template":"","format":"standard","meta":{"footnotes":""},"categories":[178,31,104,54,176,186,72,189],"tags":[],"class_list":["post-19615","post","type-post","status-publish","format-standard","has-post-thumbnail","","category-178","category-colegio","category-colegio-en-maipu","category-contenidos","category-medioambiente","category-notas","category-noticias","category-rubendariosustentable"],"publishpress_future_action":{"enabled":false,"date":"2026-05-10 12:53:00","action":"change-status","newStatus":"draft","terms":[],"taxonomy":"category","extraData":[]},"publishpress_future_workflow_manual_trigger":{"enabledWorkflows":[]},"_links":{"self":[{"href":"https:\/\/www.rubendario.cl\/sitio\/wp-json\/wp\/v2\/posts\/19615","targetHints":{"allow":["GET"]}}],"collection":[{"href":"https:\/\/www.rubendario.cl\/sitio\/wp-json\/wp\/v2\/posts"}],"about":[{"href":"https:\/\/www.rubendario.cl\/sitio\/wp-json\/wp\/v2\/types\/post"}],"author":[{"embeddable":true,"href":"https:\/\/www.rubendario.cl\/sitio\/wp-json\/wp\/v2\/users\/1"}],"replies":[{"embeddable":true,"href":"https:\/\/www.rubendario.cl\/sitio\/wp-json\/wp\/v2\/comments?post=19615"}],"version-history":[{"count":0,"href":"https:\/\/www.rubendario.cl\/sitio\/wp-json\/wp\/v2\/posts\/19615\/revisions"}],"wp:featuredmedia":[{"embeddable":true,"href":"https:\/\/www.rubendario.cl\/sitio\/wp-json\/wp\/v2\/media\/19626"}],"wp:attachment":[{"href":"https:\/\/www.rubendario.cl\/sitio\/wp-json\/wp\/v2\/media?parent=19615"}],"wp:term":[{"taxonomy":"category","embeddable":true,"href":"https:\/\/www.rubendario.cl\/sitio\/wp-json\/wp\/v2\/categories?post=19615"},{"taxonomy":"post_tag","embeddable":true,"href":"https:\/\/www.rubendario.cl\/sitio\/wp-json\/wp\/v2\/tags?post=19615"}],"curies":[{"name":"wp","href":"https:\/\/api.w.org\/{rel}","templated":true}]}}