{"id":19712,"date":"2021-08-04T08:00:28","date_gmt":"2021-08-04T12:00:28","guid":{"rendered":"https:\/\/www.rubendario.cl\/sitio\/?p=19712"},"modified":"2021-08-04T17:40:18","modified_gmt":"2021-08-04T21:40:18","slug":"charla-gestion-de-los-residuos-en-el-hogar","status":"publish","type":"post","link":"https:\/\/www.rubendario.cl\/sitio\/charla-gestion-de-los-residuos-en-el-hogar\/","title":{"rendered":"Charla Gesti\u00f3n de los Residuos en el Hogar"},"content":{"rendered":"<p><img loading=\"lazy\" decoding=\"async\" class=\"aligncenter size-full wp-image-19713\" src=\"https:\/\/www.rubendario.cl\/sitio\/wp-content\/uploads\/2021\/08\/banner-gestion-charla.png\" alt=\"\" width=\"660\" height=\"351\" srcset=\"https:\/\/www.rubendario.cl\/sitio\/wp-content\/uploads\/2021\/08\/banner-gestion-charla.png 660w, https:\/\/www.rubendario.cl\/sitio\/wp-content\/uploads\/2021\/08\/banner-gestion-charla-300x160.png 300w, https:\/\/www.rubendario.cl\/sitio\/wp-content\/uploads\/2021\/08\/banner-gestion-charla-460x245.png 460w, https:\/\/www.rubendario.cl\/sitio\/wp-content\/uploads\/2021\/08\/banner-gestion-charla-310x165.png 310w\" sizes=\"auto, (max-width: 660px) 100vw, 660px\" \/><\/p>\n<p>A continuaci\u00f3n, puedes ver la presentaci\u00f3n llevada a cabo por<strong> Roxanna R\u00edos<\/strong>, <em>Arquitecta y Mag\u00edster\u00a0en Desarrollo Urbano de la Pontificia Universidad Cat\u00f3lica de Chile<\/em>, y profesional del <strong>Centro de\u00a0Desarrollo Urbano Sustentable CEDEUS.<\/strong> Esta charla fue realizada en el marco de la celebraci\u00f3n del\u00a0mes del medio ambiente en el <strong>Colegio Poeta Rub\u00e9n Dar\u00edo.<\/strong><\/p>\n<p style=\"text-align: center;\"><iframe loading=\"lazy\" src=\"https:\/\/player.vimeo.com\/video\/581854341\" width=\"640\" height=\"360\" frameborder=\"0\" allowfullscreen=\"allowfullscreen\"><\/iframe><\/p>\n<p>\u00c1rea de Medio Ambiente, Convivencia Escolar,<br \/>\nColegio Poeta Rub\u00e9n Dar\u00edo<\/p>\n","protected":false},"excerpt":{"rendered":"<p>A continuaci\u00f3n, puedes ver la presentaci\u00f3n llevada a cabo por Roxanna R\u00edos, Arquitecta y Mag\u00edster\u00a0en Desarrollo Urbano de la Pontificia Universidad Cat\u00f3lica de Chile, y profesional del Centro de\u00a0Desarrollo Urbano Sustentable CEDEUS. Esta charla fue realizada en el marco de la celebraci\u00f3n del\u00a0mes del medio ambiente en el Colegio Poeta Rub\u00e9n Dar\u00edo. \u00c1rea de Medio &hellip;<\/p>\n","protected":false},"author":1,"featured_media":19713,"comment_status":"closed","ping_status":"open","sticky":false,"template":"","format":"standard","meta":{"footnotes":""},"categories":[178,188,176,186,72],"tags":[],"class_list":["post-19712","post","type-post","status-publish","format-standard","has-post-thumbnail","","category-178","category-estudiosydiscusion","category-medioambiente","category-notas","category-noticias"],"publishpress_future_action":{"enabled":false,"date":"2026-05-10 11:05:05","action":"change-status","newStatus":"draft","terms":[],"taxonomy":"category","extraData":[]},"publishpress_future_workflow_manual_trigger":{"enabledWorkflows":[]},"_links":{"self":[{"href":"https:\/\/www.rubendario.cl\/sitio\/wp-json\/wp\/v2\/posts\/19712","targetHints":{"allow":["GET"]}}],"collection":[{"href":"https:\/\/www.rubendario.cl\/sitio\/wp-json\/wp\/v2\/posts"}],"about":[{"href":"https:\/\/www.rubendario.cl\/sitio\/wp-json\/wp\/v2\/types\/post"}],"author":[{"embeddable":true,"href":"https:\/\/www.rubendario.cl\/sitio\/wp-json\/wp\/v2\/users\/1"}],"replies":[{"embeddable":true,"href":"https:\/\/www.rubendario.cl\/sitio\/wp-json\/wp\/v2\/comments?post=19712"}],"version-history":[{"count":1,"href":"https:\/\/www.rubendario.cl\/sitio\/wp-json\/wp\/v2\/posts\/19712\/revisions"}],"predecessor-version":[{"id":19714,"href":"https:\/\/www.rubendario.cl\/sitio\/wp-json\/wp\/v2\/posts\/19712\/revisions\/19714"}],"wp:featuredmedia":[{"embeddable":true,"href":"https:\/\/www.rubendario.cl\/sitio\/wp-json\/wp\/v2\/media\/19713"}],"wp:attachment":[{"href":"https:\/\/www.rubendario.cl\/sitio\/wp-json\/wp\/v2\/media?parent=19712"}],"wp:term":[{"taxonomy":"category","embeddable":true,"href":"https:\/\/www.rubendario.cl\/sitio\/wp-json\/wp\/v2\/categories?post=19712"},{"taxonomy":"post_tag","embeddable":true,"href":"https:\/\/www.rubendario.cl\/sitio\/wp-json\/wp\/v2\/tags?post=19712"}],"curies":[{"name":"wp","href":"https:\/\/api.w.org\/{rel}","templated":true}]}}