{"id":19721,"date":"2021-08-11T08:00:12","date_gmt":"2021-08-11T12:00:12","guid":{"rendered":"https:\/\/www.rubendario.cl\/sitio\/?p=19721"},"modified":"2021-08-04T17:40:50","modified_gmt":"2021-08-04T21:40:50","slug":"charla-alimentacion-sana-y-sustentable","status":"publish","type":"post","link":"https:\/\/www.rubendario.cl\/sitio\/charla-alimentacion-sana-y-sustentable\/","title":{"rendered":"Charla Alimentaci\u00f3n Sana y Sustentable"},"content":{"rendered":"<p><img loading=\"lazy\" decoding=\"async\" class=\"aligncenter size-full wp-image-19722\" src=\"https:\/\/www.rubendario.cl\/sitio\/wp-content\/uploads\/2021\/08\/banner-alimentacion.png\" alt=\"\" width=\"660\" height=\"351\" srcset=\"https:\/\/www.rubendario.cl\/sitio\/wp-content\/uploads\/2021\/08\/banner-alimentacion.png 660w, https:\/\/www.rubendario.cl\/sitio\/wp-content\/uploads\/2021\/08\/banner-alimentacion-300x160.png 300w, https:\/\/www.rubendario.cl\/sitio\/wp-content\/uploads\/2021\/08\/banner-alimentacion-460x245.png 460w, https:\/\/www.rubendario.cl\/sitio\/wp-content\/uploads\/2021\/08\/banner-alimentacion-310x165.png 310w\" sizes=\"auto, (max-width: 660px) 100vw, 660px\" \/><\/p>\n<p>A continuaci\u00f3n, puedes ver la presentaci\u00f3n llevada a cabo por Roxanna R\u00edos, <strong>Arquitecta y Mag\u00edster\u00a0en Desarrollo Urbano de la Pontificia Universidad Cat\u00f3lica de Chile<\/strong>, y profesional del <strong>Centro de\u00a0Desarrollo Urbano Sustentable CEDEUS<\/strong>. Esta charla fue realizada en el marco de la celebraci\u00f3n del\u00a0mes del medio ambiente en el <strong>Colegio Poeta Rub\u00e9n Dar\u00edo<\/strong>.<\/p>\n<p><iframe loading=\"lazy\" src=\"https:\/\/player.vimeo.com\/video\/581861944\" width=\"640\" height=\"360\" frameborder=\"0\" allowfullscreen=\"allowfullscreen\"><\/iframe><\/p>\n<p>\u00c1rea de Medio Ambiente, Convivencia Escolar,<br \/>\nColegio Poeta Rub\u00e9n Dar\u00edo<\/p>\n","protected":false},"excerpt":{"rendered":"<p>A continuaci\u00f3n, puedes ver la presentaci\u00f3n llevada a cabo por Roxanna R\u00edos, Arquitecta y Mag\u00edster\u00a0en Desarrollo Urbano de la Pontificia Universidad Cat\u00f3lica de Chile, y profesional del Centro de\u00a0Desarrollo Urbano Sustentable CEDEUS. Esta charla fue realizada en el marco de la celebraci\u00f3n del\u00a0mes del medio ambiente en el Colegio Poeta Rub\u00e9n Dar\u00edo. \u00c1rea de Medio &hellip;<\/p>\n","protected":false},"author":1,"featured_media":19722,"comment_status":"closed","ping_status":"open","sticky":false,"template":"","format":"standard","meta":{"footnotes":""},"categories":[178,188,176,186,72,79],"tags":[],"class_list":["post-19721","post","type-post","status-publish","format-standard","has-post-thumbnail","","category-178","category-estudiosydiscusion","category-medioambiente","category-notas","category-noticias","category-nutricion"],"publishpress_future_action":{"enabled":false,"date":"2026-05-10 11:00:49","action":"change-status","newStatus":"draft","terms":[],"taxonomy":"category","extraData":[]},"publishpress_future_workflow_manual_trigger":{"enabledWorkflows":[]},"_links":{"self":[{"href":"https:\/\/www.rubendario.cl\/sitio\/wp-json\/wp\/v2\/posts\/19721","targetHints":{"allow":["GET"]}}],"collection":[{"href":"https:\/\/www.rubendario.cl\/sitio\/wp-json\/wp\/v2\/posts"}],"about":[{"href":"https:\/\/www.rubendario.cl\/sitio\/wp-json\/wp\/v2\/types\/post"}],"author":[{"embeddable":true,"href":"https:\/\/www.rubendario.cl\/sitio\/wp-json\/wp\/v2\/users\/1"}],"replies":[{"embeddable":true,"href":"https:\/\/www.rubendario.cl\/sitio\/wp-json\/wp\/v2\/comments?post=19721"}],"version-history":[{"count":1,"href":"https:\/\/www.rubendario.cl\/sitio\/wp-json\/wp\/v2\/posts\/19721\/revisions"}],"predecessor-version":[{"id":19723,"href":"https:\/\/www.rubendario.cl\/sitio\/wp-json\/wp\/v2\/posts\/19721\/revisions\/19723"}],"wp:featuredmedia":[{"embeddable":true,"href":"https:\/\/www.rubendario.cl\/sitio\/wp-json\/wp\/v2\/media\/19722"}],"wp:attachment":[{"href":"https:\/\/www.rubendario.cl\/sitio\/wp-json\/wp\/v2\/media?parent=19721"}],"wp:term":[{"taxonomy":"category","embeddable":true,"href":"https:\/\/www.rubendario.cl\/sitio\/wp-json\/wp\/v2\/categories?post=19721"},{"taxonomy":"post_tag","embeddable":true,"href":"https:\/\/www.rubendario.cl\/sitio\/wp-json\/wp\/v2\/tags?post=19721"}],"curies":[{"name":"wp","href":"https:\/\/api.w.org\/{rel}","templated":true}]}}