{"id":19731,"date":"2021-08-16T08:00:15","date_gmt":"2021-08-16T12:00:15","guid":{"rendered":"https:\/\/www.rubendario.cl\/sitio\/?p=19731"},"modified":"2021-08-04T18:18:51","modified_gmt":"2021-08-04T22:18:51","slug":"compromisos-con-el-medio-ambiente","status":"publish","type":"post","link":"https:\/\/www.rubendario.cl\/sitio\/compromisos-con-el-medio-ambiente\/","title":{"rendered":"Compromisos con el medio ambiente"},"content":{"rendered":"<p><img loading=\"lazy\" decoding=\"async\" class=\"aligncenter size-full wp-image-19733\" src=\"https:\/\/www.rubendario.cl\/sitio\/wp-content\/uploads\/2021\/08\/banner-compromisos-ma-main.png\" alt=\"\" width=\"660\" height=\"351\" srcset=\"https:\/\/www.rubendario.cl\/sitio\/wp-content\/uploads\/2021\/08\/banner-compromisos-ma-main.png 660w, https:\/\/www.rubendario.cl\/sitio\/wp-content\/uploads\/2021\/08\/banner-compromisos-ma-main-300x160.png 300w, https:\/\/www.rubendario.cl\/sitio\/wp-content\/uploads\/2021\/08\/banner-compromisos-ma-main-460x245.png 460w, https:\/\/www.rubendario.cl\/sitio\/wp-content\/uploads\/2021\/08\/banner-compromisos-ma-main-310x165.png 310w\" sizes=\"auto, (max-width: 660px) 100vw, 660px\" \/><\/p>\n<p>Durante el mes de junio, mes del medio ambiente en el <strong>Colegio Poeta Rub\u00e9n Dar\u00edo<\/strong>, queremos\u00a0mostrar a ustedes algunas de las actividades que se realizaron, y que guardan relaci\u00f3n con la\u00a0tem\u00e1tica ambiental.<\/p>\n<p>Cabe mencionar que, uno de nuestros objetivos institucionales declarados en nuestro <strong>Proyecto Educativo Institucional (PEI)<\/strong> es Valorar los espacios y el entorno natural y sus recursos,\u00a0desarrollando un sentido de preservaci\u00f3n de un medio ambiente limpio y seguro, valorando que\u00a0nuestra vida se desenvuelve en dicho contexto.<\/p>\n<p>Para ello, es que, hemos estado trabajando en la\u00a0creaci\u00f3n de espacios de discusi\u00f3n y acciones concretas de participaci\u00f3n en instancias que sean un\u00a0aporte a la comprensi\u00f3n y protecci\u00f3n del medio ambiente.<\/p>\n<p>A continuaci\u00f3n, mostramos la evidencia trabajada por el <strong>curso 3\u00b0 B\u00e1sico A<\/strong>, a cargo de la <strong>profesora Carolina Dahlin<\/strong>. La actividad consisti\u00f3 en ver material audiovisual sobre el pl\u00e1stico y nuestro ambiente, y escribir en un papel una frase o palabra sobre cu\u00e1l es el compromiso que tienen los y las estudiantes con el medio ambiente.<\/p>\n<p><img loading=\"lazy\" decoding=\"async\" class=\"aligncenter size-full wp-image-19732\" src=\"https:\/\/www.rubendario.cl\/sitio\/wp-content\/uploads\/2021\/08\/banner-compromisos-ma.png\" alt=\"\" width=\"660\" height=\"934\" srcset=\"https:\/\/www.rubendario.cl\/sitio\/wp-content\/uploads\/2021\/08\/banner-compromisos-ma.png 660w, https:\/\/www.rubendario.cl\/sitio\/wp-content\/uploads\/2021\/08\/banner-compromisos-ma-212x300.png 212w, https:\/\/www.rubendario.cl\/sitio\/wp-content\/uploads\/2021\/08\/banner-compromisos-ma-325x460.png 325w\" sizes=\"auto, (max-width: 660px) 100vw, 660px\" \/><\/p>\n<p>\u00c1rea de Medio Ambiente, Convivencia Escolar,<br \/>\nColegio Poeta Rub\u00e9n Dar\u00edo<\/p>\n","protected":false},"excerpt":{"rendered":"<p>Durante el mes de junio, mes del medio ambiente en el Colegio Poeta Rub\u00e9n Dar\u00edo, queremos\u00a0mostrar a ustedes algunas de las actividades que se realizaron, y que guardan relaci\u00f3n con la\u00a0tem\u00e1tica ambiental. Cabe mencionar que, uno de nuestros objetivos institucionales declarados en nuestro Proyecto Educativo Institucional (PEI) es Valorar los espacios y el entorno natural &hellip;<\/p>\n","protected":false},"author":1,"featured_media":19733,"comment_status":"closed","ping_status":"open","sticky":false,"template":"","format":"standard","meta":{"footnotes":""},"categories":[178,31,104,54,191,176],"tags":[],"class_list":["post-19731","post","type-post","status-publish","format-standard","has-post-thumbnail","","category-178","category-colegio","category-colegio-en-maipu","category-contenidos","category-iniciativas-ruberianas-sustentables","category-medioambiente"],"publishpress_future_action":{"enabled":false,"date":"2026-05-10 12:53:45","action":"change-status","newStatus":"draft","terms":[],"taxonomy":"category","extraData":[]},"publishpress_future_workflow_manual_trigger":{"enabledWorkflows":[]},"_links":{"self":[{"href":"https:\/\/www.rubendario.cl\/sitio\/wp-json\/wp\/v2\/posts\/19731","targetHints":{"allow":["GET"]}}],"collection":[{"href":"https:\/\/www.rubendario.cl\/sitio\/wp-json\/wp\/v2\/posts"}],"about":[{"href":"https:\/\/www.rubendario.cl\/sitio\/wp-json\/wp\/v2\/types\/post"}],"author":[{"embeddable":true,"href":"https:\/\/www.rubendario.cl\/sitio\/wp-json\/wp\/v2\/users\/1"}],"replies":[{"embeddable":true,"href":"https:\/\/www.rubendario.cl\/sitio\/wp-json\/wp\/v2\/comments?post=19731"}],"version-history":[{"count":1,"href":"https:\/\/www.rubendario.cl\/sitio\/wp-json\/wp\/v2\/posts\/19731\/revisions"}],"predecessor-version":[{"id":19734,"href":"https:\/\/www.rubendario.cl\/sitio\/wp-json\/wp\/v2\/posts\/19731\/revisions\/19734"}],"wp:featuredmedia":[{"embeddable":true,"href":"https:\/\/www.rubendario.cl\/sitio\/wp-json\/wp\/v2\/media\/19733"}],"wp:attachment":[{"href":"https:\/\/www.rubendario.cl\/sitio\/wp-json\/wp\/v2\/media?parent=19731"}],"wp:term":[{"taxonomy":"category","embeddable":true,"href":"https:\/\/www.rubendario.cl\/sitio\/wp-json\/wp\/v2\/categories?post=19731"},{"taxonomy":"post_tag","embeddable":true,"href":"https:\/\/www.rubendario.cl\/sitio\/wp-json\/wp\/v2\/tags?post=19731"}],"curies":[{"name":"wp","href":"https:\/\/api.w.org\/{rel}","templated":true}]}}