{"id":19735,"date":"2021-08-20T08:00:26","date_gmt":"2021-08-20T12:00:26","guid":{"rendered":"https:\/\/www.rubendario.cl\/sitio\/?p=19735"},"modified":"2021-08-04T18:58:32","modified_gmt":"2021-08-04T22:58:32","slug":"islas-de-calor-en-santiago","status":"publish","type":"post","link":"https:\/\/www.rubendario.cl\/sitio\/islas-de-calor-en-santiago\/","title":{"rendered":"Islas de calor en Santiago"},"content":{"rendered":"<p><img loading=\"lazy\" decoding=\"async\" class=\"aligncenter size-full wp-image-19736\" src=\"https:\/\/www.rubendario.cl\/sitio\/wp-content\/uploads\/2021\/08\/banner-calor.png\" alt=\"\" width=\"660\" height=\"351\" srcset=\"https:\/\/www.rubendario.cl\/sitio\/wp-content\/uploads\/2021\/08\/banner-calor.png 660w, https:\/\/www.rubendario.cl\/sitio\/wp-content\/uploads\/2021\/08\/banner-calor-300x160.png 300w, https:\/\/www.rubendario.cl\/sitio\/wp-content\/uploads\/2021\/08\/banner-calor-460x245.png 460w, https:\/\/www.rubendario.cl\/sitio\/wp-content\/uploads\/2021\/08\/banner-calor-310x165.png 310w\" sizes=\"auto, (max-width: 660px) 100vw, 660px\" \/><\/p>\n<p>El proceso de urbanizaci\u00f3n y expansi\u00f3n de la superficie urbana en las ciudades de Chile y en particular, su capital Santiago, han significado la p\u00e9rdida de cobertura de uso vegetal, suelos\u00a0naturales y agr\u00edcolas, provocando diversos impactos negativos sobre el medio ambiente urbano y\u00a0en los servicios ambientales prexistentes (Romero et al, 2001; Pauleit et al, 2003; Smith, 2007).<\/p>\n<p>Uno de los impactos guarda relaci\u00f3n con el desequilibrio sobre el clima urbano presente al interior de la ciudad, proceso que ha dado lugar a la conformaci\u00f3n de un clima urbano caracterizado por el\u00a0aumento de la temperatura del aire en el espacio urbano en relaci\u00f3n al entorno rural inmediato, lo que se denomina como la isla de calor urbana (Oke, 1987; Romero et al, 2007).<\/p>\n<p>El fen\u00f3meno de la isla de calor urbana se define como la diferencia de condiciones clim\u00e1ticas entre un observador situado en la ciudad frente a otro situado en su entorno rural y, asimismo, este\u00a0fen\u00f3meno corresponde a la elevaci\u00f3n de la temperatura superficial de un \u00e1rea en relaci\u00f3n a su\u00a0entorno.<\/p>\n<p>Para el caso de Santiago, los estudios muestran que, durante el d\u00eda la ciudad se transforma en una verdadera isla de calor urbana, alcanzando en su centro temperaturas promedio de 4\u00b0C m\u00e1s\u00a0elevadas que en su entorno rural inmediato. Asimismo, otro estudio realizado por Romero &amp; Molina (2007), da cuenta de la variaci\u00f3n en el comportamiento de las temperaturas del aire en la ciudad de Santiago.<\/p>\n<p>Este estudio plantea que, durante la ma\u00f1ana de un d\u00eda en estaci\u00f3n estival, las temperaturas atmosf\u00e9ricas m\u00e1s elevadas (entre 28\u00b0C y 33\u00b0C) se localizan al exterior del l\u00edmite urbano, en las\u00a0comunas de Quilicura, Colina, Pudahuel y Maip\u00fa. Por otro lado, en la zona sur de la ciudad,\u00a0espec\u00edficamente en las comunas de San Bernardo y Calera de Tango, se encuentran temperaturas\u00a0menores (entre los 23\u00b0C y 26\u00b0C), las cuales se extienden y son transferidas al centro de la ciudad.<\/p>\n<p>A partir del mediod\u00eda, las temperaturas del centro en un primer momento igualan y luego superan\u00a0a las temperaturas del entorno rural, lo que configura que la isla de calor urbana se localiza en el\u00a0centro hist\u00f3rico y las \u00e1reas comerciales que lo rodean.<\/p>\n<p>Finalmente, durante la noche de estaci\u00f3n estival, las temperaturas m\u00e1s elevadas se localizan\u00a0preferentemente en el centro hist\u00f3rico de la ciudad, prolongando este fen\u00f3meno hacia el sur, en\u00a0las comunas de San Miguel, La Cisterna y Pedro Aguirre Cerda; mientras que hacia el norte\u00a0involucra las comunas de Independencia y Recoleta (Romero &amp; Molina, 2007).<\/p>\n<p>A continuaci\u00f3n, puedes visualizar el mapa de temperatura de Santiago, donde se evidencia la diferencia de temperatura en la ciudad, y en particular, la comuna de Maip\u00fa.<\/p>\n<p style=\"text-align: center;\"><img loading=\"lazy\" decoding=\"async\" class=\"aligncenter size-full wp-image-19737\" src=\"https:\/\/www.rubendario.cl\/sitio\/wp-content\/uploads\/2021\/08\/calor02.png\" alt=\"\" width=\"500\" height=\"634\" srcset=\"https:\/\/www.rubendario.cl\/sitio\/wp-content\/uploads\/2021\/08\/calor02.png 500w, https:\/\/www.rubendario.cl\/sitio\/wp-content\/uploads\/2021\/08\/calor02-237x300.png 237w, https:\/\/www.rubendario.cl\/sitio\/wp-content\/uploads\/2021\/08\/calor02-363x460.png 363w\" sizes=\"auto, (max-width: 500px) 100vw, 500px\" \/><\/p>\n<p style=\"text-align: center;\"><img loading=\"lazy\" decoding=\"async\" class=\"aligncenter size-full wp-image-19738\" src=\"https:\/\/www.rubendario.cl\/sitio\/wp-content\/uploads\/2021\/08\/calor01.png\" alt=\"\" width=\"500\" height=\"634\" srcset=\"https:\/\/www.rubendario.cl\/sitio\/wp-content\/uploads\/2021\/08\/calor01.png 500w, https:\/\/www.rubendario.cl\/sitio\/wp-content\/uploads\/2021\/08\/calor01-237x300.png 237w, https:\/\/www.rubendario.cl\/sitio\/wp-content\/uploads\/2021\/08\/calor01-363x460.png 363w\" sizes=\"auto, (max-width: 500px) 100vw, 500px\" \/><\/p>\n<p>&nbsp;<\/p>\n<p>\u00c1rea de Medio Ambiente, Convivencia Escolar,<br \/>\nColegio Poeta Rub\u00e9n Dar\u00edo<\/p>\n","protected":false},"excerpt":{"rendered":"<p>El proceso de urbanizaci\u00f3n y expansi\u00f3n de la superficie urbana en las ciudades de Chile y en particular, su capital Santiago, han significado la p\u00e9rdida de cobertura de uso vegetal, suelos\u00a0naturales y agr\u00edcolas, provocando diversos impactos negativos sobre el medio ambiente urbano y\u00a0en los servicios ambientales prexistentes (Romero et al, 2001; Pauleit et al, 2003; &hellip;<\/p>\n","protected":false},"author":1,"featured_media":19736,"comment_status":"closed","ping_status":"open","sticky":false,"template":"","format":"standard","meta":{"footnotes":""},"categories":[178,31,104,54,176,186,72,192],"tags":[],"class_list":["post-19735","post","type-post","status-publish","format-standard","has-post-thumbnail","","category-178","category-colegio","category-colegio-en-maipu","category-contenidos","category-medioambiente","category-notas","category-noticias","category-nuestro-entorno-socio-natural"],"publishpress_future_action":{"enabled":false,"date":"2026-05-10 12:06:07","action":"change-status","newStatus":"draft","terms":[],"taxonomy":"category","extraData":[]},"publishpress_future_workflow_manual_trigger":{"enabledWorkflows":[]},"_links":{"self":[{"href":"https:\/\/www.rubendario.cl\/sitio\/wp-json\/wp\/v2\/posts\/19735","targetHints":{"allow":["GET"]}}],"collection":[{"href":"https:\/\/www.rubendario.cl\/sitio\/wp-json\/wp\/v2\/posts"}],"about":[{"href":"https:\/\/www.rubendario.cl\/sitio\/wp-json\/wp\/v2\/types\/post"}],"author":[{"embeddable":true,"href":"https:\/\/www.rubendario.cl\/sitio\/wp-json\/wp\/v2\/users\/1"}],"replies":[{"embeddable":true,"href":"https:\/\/www.rubendario.cl\/sitio\/wp-json\/wp\/v2\/comments?post=19735"}],"version-history":[{"count":1,"href":"https:\/\/www.rubendario.cl\/sitio\/wp-json\/wp\/v2\/posts\/19735\/revisions"}],"predecessor-version":[{"id":19739,"href":"https:\/\/www.rubendario.cl\/sitio\/wp-json\/wp\/v2\/posts\/19735\/revisions\/19739"}],"wp:featuredmedia":[{"embeddable":true,"href":"https:\/\/www.rubendario.cl\/sitio\/wp-json\/wp\/v2\/media\/19736"}],"wp:attachment":[{"href":"https:\/\/www.rubendario.cl\/sitio\/wp-json\/wp\/v2\/media?parent=19735"}],"wp:term":[{"taxonomy":"category","embeddable":true,"href":"https:\/\/www.rubendario.cl\/sitio\/wp-json\/wp\/v2\/categories?post=19735"},{"taxonomy":"post_tag","embeddable":true,"href":"https:\/\/www.rubendario.cl\/sitio\/wp-json\/wp\/v2\/tags?post=19735"}],"curies":[{"name":"wp","href":"https:\/\/api.w.org\/{rel}","templated":true}]}}