{"id":19831,"date":"2021-08-13T08:00:18","date_gmt":"2021-08-13T12:00:18","guid":{"rendered":"https:\/\/www.rubendario.cl\/sitio\/?p=19831"},"modified":"2021-08-11T17:00:54","modified_gmt":"2021-08-11T21:00:54","slug":"mes-de-la-solidaridad","status":"publish","type":"post","link":"https:\/\/www.rubendario.cl\/sitio\/mes-de-la-solidaridad\/","title":{"rendered":"Mes de la Solidaridad"},"content":{"rendered":"<p><img loading=\"lazy\" decoding=\"async\" class=\"aligncenter size-full wp-image-19832\" src=\"https:\/\/www.rubendario.cl\/sitio\/wp-content\/uploads\/2021\/08\/banner-solidaridad.png\" alt=\"\" width=\"660\" height=\"351\" srcset=\"https:\/\/www.rubendario.cl\/sitio\/wp-content\/uploads\/2021\/08\/banner-solidaridad.png 660w, https:\/\/www.rubendario.cl\/sitio\/wp-content\/uploads\/2021\/08\/banner-solidaridad-300x160.png 300w, https:\/\/www.rubendario.cl\/sitio\/wp-content\/uploads\/2021\/08\/banner-solidaridad-460x245.png 460w, https:\/\/www.rubendario.cl\/sitio\/wp-content\/uploads\/2021\/08\/banner-solidaridad-310x165.png 310w\" sizes=\"auto, (max-width: 660px) 100vw, 660px\" \/><\/p>\n<p>Se instaura el <strong>Mes de la Solidaridad<\/strong> en el <strong>Colegio Poeta Rub\u00e9n Dar\u00edo<\/strong> a partir de la importancia que reviste este valor para la conformaci\u00f3n de una sociedad m\u00e1s equitativa con individuos que aporten no solo de manera profesional en nuestra sociedad, sino tambi\u00e9n con \u00e1nimo de superaci\u00f3n en lo que nos determina como seres pensantes que es la humanidad y reconocimiento del otro como un pr\u00f3ximo al que puedo comprender y apoyar en su desarrollo.<\/p>\n<p>En nuestra Instituci\u00f3n queremos reforzar la solidaridad en nuestros estudiantes como una virtud; porque a trav\u00e9s de ella nos mostramos unidos a otras personas, compartiendo sus intereses, inquietudes y necesidades, sin necesariamente tener un lazo afectivo que los una.<\/p>\n<p>La solidaridad es un valor que se caracteriza por la colaboraci\u00f3n entre los individuos, lo que permite\u00a0lograr la superaci\u00f3n de los m\u00e1s terribles desastres, como guerras, pestes, enfermedades, entre otros. La solidaridad puede venir de cualquiera y tambi\u00e9n aplicarse a cualquier persona, incluyendo nuestros familiares, amigos, vecinos, e incluso desconocidos, como\u00a0ni\u00f1os, adolescentes o adultos en situaci\u00f3n de vulnerabilidad y de escasos recursos.<\/p>\n<p>Es importante que nuestros estudiantes sean capaces de reconocer y realizar actos de solidaridad, y puedan complementar este valor con la justicia, otro factor importante en el que tambi\u00e9n se unen otros valores como: empat\u00eda, compasi\u00f3n, comprensi\u00f3n y apoyo.<\/p>\n<p>Todo esto debido a que para que haya justicia, las personas deben saber colocarse en el lugar de los otros, ver las situaciones desde distintos puntos de vista, reconocer la dignidad que merecen los otros, analizar los sucesos desde el coraz\u00f3n y por supuesto, nunca dejar de lado esa humanidad que debe caracterizarnos.<\/p>\n<p>Existen diversas formas en que se puede expresar la solidaridad:<\/p>\n<ul>\n<li>Dona objetos personales que ya no uses, como ropa, art\u00edculos de limpieza, muebles, etc.<\/li>\n<li>Ofrece tu tiempo y afecto a aquellos que m\u00e1s lo necesitan.<\/li>\n<li>S\u00e9 respetuoso\/a con el medio ambiente y no lances basura en la calle<\/li>\n<li>Demuestra afecto y respeto hacia los animales<\/li>\n<li>Si est\u00e1 en tus posibilidades, realiza donaciones.<\/li>\n<\/ul>\n<p>Una forma de expresi\u00f3n de la solidaridad corresponde al respeto que mostramos individualmente y como comunidad al medio ambiente que habitamos. Esto representa uno de los valores de la educaci\u00f3n ambiental que se lleva a cabo en nuestro Colegio.<\/p>\n<p><img loading=\"lazy\" decoding=\"async\" class=\"aligncenter size-full wp-image-19834\" src=\"https:\/\/www.rubendario.cl\/sitio\/wp-content\/uploads\/2021\/08\/info-solidaridad.png\" alt=\"\" width=\"660\" height=\"1092\" srcset=\"https:\/\/www.rubendario.cl\/sitio\/wp-content\/uploads\/2021\/08\/info-solidaridad.png 660w, https:\/\/www.rubendario.cl\/sitio\/wp-content\/uploads\/2021\/08\/info-solidaridad-181x300.png 181w, https:\/\/www.rubendario.cl\/sitio\/wp-content\/uploads\/2021\/08\/info-solidaridad-278x460.png 278w\" sizes=\"auto, (max-width: 660px) 100vw, 660px\" \/><\/p>\n<p>Equipo de Convivencia Escolar,<br \/>\nColegio Poeta Rub\u00e9n Dar\u00edo<\/p>\n","protected":false},"excerpt":{"rendered":"<p>Se instaura el Mes de la Solidaridad en el Colegio Poeta Rub\u00e9n Dar\u00edo a partir de la importancia que reviste este valor para la conformaci\u00f3n de una sociedad m\u00e1s equitativa con individuos que aporten no solo de manera profesional en nuestra sociedad, sino tambi\u00e9n con \u00e1nimo de superaci\u00f3n en lo que nos determina como seres &hellip;<\/p>\n","protected":false},"author":1,"featured_media":19832,"comment_status":"closed","ping_status":"open","sticky":false,"template":"","format":"standard","meta":{"footnotes":""},"categories":[178,186,72],"tags":[],"class_list":["post-19831","post","type-post","status-publish","format-standard","has-post-thumbnail","","category-178","category-notas","category-noticias"],"publishpress_future_action":{"enabled":false,"date":"2026-05-10 11:54:25","action":"change-status","newStatus":"draft","terms":[],"taxonomy":"category","extraData":[]},"publishpress_future_workflow_manual_trigger":{"enabledWorkflows":[]},"_links":{"self":[{"href":"https:\/\/www.rubendario.cl\/sitio\/wp-json\/wp\/v2\/posts\/19831","targetHints":{"allow":["GET"]}}],"collection":[{"href":"https:\/\/www.rubendario.cl\/sitio\/wp-json\/wp\/v2\/posts"}],"about":[{"href":"https:\/\/www.rubendario.cl\/sitio\/wp-json\/wp\/v2\/types\/post"}],"author":[{"embeddable":true,"href":"https:\/\/www.rubendario.cl\/sitio\/wp-json\/wp\/v2\/users\/1"}],"replies":[{"embeddable":true,"href":"https:\/\/www.rubendario.cl\/sitio\/wp-json\/wp\/v2\/comments?post=19831"}],"version-history":[{"count":2,"href":"https:\/\/www.rubendario.cl\/sitio\/wp-json\/wp\/v2\/posts\/19831\/revisions"}],"predecessor-version":[{"id":19835,"href":"https:\/\/www.rubendario.cl\/sitio\/wp-json\/wp\/v2\/posts\/19831\/revisions\/19835"}],"wp:featuredmedia":[{"embeddable":true,"href":"https:\/\/www.rubendario.cl\/sitio\/wp-json\/wp\/v2\/media\/19832"}],"wp:attachment":[{"href":"https:\/\/www.rubendario.cl\/sitio\/wp-json\/wp\/v2\/media?parent=19831"}],"wp:term":[{"taxonomy":"category","embeddable":true,"href":"https:\/\/www.rubendario.cl\/sitio\/wp-json\/wp\/v2\/categories?post=19831"},{"taxonomy":"post_tag","embeddable":true,"href":"https:\/\/www.rubendario.cl\/sitio\/wp-json\/wp\/v2\/tags?post=19831"}],"curies":[{"name":"wp","href":"https:\/\/api.w.org\/{rel}","templated":true}]}}