{"id":19927,"date":"2021-09-02T08:00:09","date_gmt":"2021-09-02T12:00:09","guid":{"rendered":"https:\/\/www.rubendario.cl\/sitio\/?p=19927"},"modified":"2021-09-09T10:46:15","modified_gmt":"2021-09-09T13:46:15","slug":"talleres-de-educacion-socioemocional-9-2021","status":"publish","type":"post","link":"https:\/\/www.rubendario.cl\/sitio\/talleres-de-educacion-socioemocional-9-2021\/","title":{"rendered":"Talleres de Educaci\u00f3n Socioemocional"},"content":{"rendered":"<p><img loading=\"lazy\" decoding=\"async\" class=\"aligncenter size-full wp-image-19929\" src=\"https:\/\/www.rubendario.cl\/sitio\/wp-content\/uploads\/2021\/09\/rd-portada-taller-sociemocc.png\" alt=\"\" width=\"660\" height=\"351\" srcset=\"https:\/\/www.rubendario.cl\/sitio\/wp-content\/uploads\/2021\/09\/rd-portada-taller-sociemocc.png 660w, https:\/\/www.rubendario.cl\/sitio\/wp-content\/uploads\/2021\/09\/rd-portada-taller-sociemocc-300x160.png 300w, https:\/\/www.rubendario.cl\/sitio\/wp-content\/uploads\/2021\/09\/rd-portada-taller-sociemocc-460x245.png 460w, https:\/\/www.rubendario.cl\/sitio\/wp-content\/uploads\/2021\/09\/rd-portada-taller-sociemocc-310x165.png 310w\" sizes=\"auto, (max-width: 660px) 100vw, 660px\" \/><\/p>\n<p>Estimada comunidad Ruberiana:<\/p>\n<p>Esperando que se encuentren muy bien junto a sus seres queridos, les damos a conocer el inicio del <strong>segundo ciclo de talleres de Educaci\u00f3n Socioemocional<\/strong>, el cual se realizar\u00e1 en tres sesiones, esta instancia est\u00e1 orientada a reconocer, socializar y fortalecer las habilidades en el manejo de las emociones de nuestros estudiantes, dando continuidad a los talleres realizados en el 1\u00ba semestre por nuestra <strong>Psic\u00f3loga Educacional Daniela Villarroel.<\/strong><\/p>\n<p>Los niveles que ser\u00e1n atendidos en esta primera fecha ser\u00e1n: 7\u00ba, 5\u00ba 2\u00ba, 1\u00ba b\u00e1sico y 4\u00ba medio<\/p>\n<p>En esta oportunidad se realizar\u00e1 una <strong>modalidad mixta<\/strong>, donde se complementar\u00e1n una sesi\u00f3n grabada como c\u00e1psula de 20 minutos a la cual tendr\u00e1n acceso en el tabl\u00f3n y otra sesi\u00f3n on-line de 25 minutos que se realizar\u00e1 en la fecha y horario que se indica en el documento adjunto.<\/p>\n<p>Solo <strong>los 4\u00ba medios tendr\u00e1n esa actividad 100% presencial<\/strong> ya que, en este caso, son los que necesitan un mayor refuerzo en el \u00e1rea emocional.<\/p>\n<p>Esperamos como siempre una buena acogida y as\u00ed apoyar a nuestros estudiantes en su autocuidado y bienestar.<\/p>\n<p>Atentamente,<\/p>\n<p>Equipo de convivencia escolar<\/p>\n<p>&nbsp;<\/p>\n<p><img loading=\"lazy\" decoding=\"async\" class=\"aligncenter size-full wp-image-19951\" src=\"https:\/\/www.rubendario.cl\/sitio\/wp-content\/uploads\/2021\/09\/cal-taller-socioemocional092021.png\" alt=\"\" width=\"836\" height=\"1479\" srcset=\"https:\/\/www.rubendario.cl\/sitio\/wp-content\/uploads\/2021\/09\/cal-taller-socioemocional092021.png 836w, https:\/\/www.rubendario.cl\/sitio\/wp-content\/uploads\/2021\/09\/cal-taller-socioemocional092021-170x300.png 170w, https:\/\/www.rubendario.cl\/sitio\/wp-content\/uploads\/2021\/09\/cal-taller-socioemocional092021-768x1359.png 768w, https:\/\/www.rubendario.cl\/sitio\/wp-content\/uploads\/2021\/09\/cal-taller-socioemocional092021-260x460.png 260w\" sizes=\"auto, (max-width: 836px) 100vw, 836px\" \/><\/p>\n<p style=\"text-align: center;\"><span style=\"font-size: 10pt; color: #ff0000;\">Calendario actualizado 09\/09\/2021 &#8211; 10:45 am<\/span><\/p>\n","protected":false},"excerpt":{"rendered":"<p>Estimada comunidad Ruberiana: Esperando que se encuentren muy bien junto a sus seres queridos, les damos a conocer el inicio del segundo ciclo de talleres de Educaci\u00f3n Socioemocional, el cual se realizar\u00e1 en tres sesiones, esta instancia est\u00e1 orientada a reconocer, socializar y fortalecer las habilidades en el manejo de las emociones de nuestros estudiantes, &hellip;<\/p>\n","protected":false},"author":1,"featured_media":19929,"comment_status":"closed","ping_status":"open","sticky":false,"template":"","format":"standard","meta":{"footnotes":""},"categories":[178,31,104,54,186,72,132,180],"tags":[],"class_list":["post-19927","post","type-post","status-publish","format-standard","has-post-thumbnail","","category-178","category-colegio","category-colegio-en-maipu","category-contenidos","category-notas","category-noticias","category-portada","category-talleres2021"],"publishpress_future_action":{"enabled":false,"date":"2026-05-10 12:52:39","action":"change-status","newStatus":"draft","terms":[],"taxonomy":"category","extraData":[]},"publishpress_future_workflow_manual_trigger":{"enabledWorkflows":[]},"_links":{"self":[{"href":"https:\/\/www.rubendario.cl\/sitio\/wp-json\/wp\/v2\/posts\/19927","targetHints":{"allow":["GET"]}}],"collection":[{"href":"https:\/\/www.rubendario.cl\/sitio\/wp-json\/wp\/v2\/posts"}],"about":[{"href":"https:\/\/www.rubendario.cl\/sitio\/wp-json\/wp\/v2\/types\/post"}],"author":[{"embeddable":true,"href":"https:\/\/www.rubendario.cl\/sitio\/wp-json\/wp\/v2\/users\/1"}],"replies":[{"embeddable":true,"href":"https:\/\/www.rubendario.cl\/sitio\/wp-json\/wp\/v2\/comments?post=19927"}],"version-history":[{"count":4,"href":"https:\/\/www.rubendario.cl\/sitio\/wp-json\/wp\/v2\/posts\/19927\/revisions"}],"predecessor-version":[{"id":19953,"href":"https:\/\/www.rubendario.cl\/sitio\/wp-json\/wp\/v2\/posts\/19927\/revisions\/19953"}],"wp:featuredmedia":[{"embeddable":true,"href":"https:\/\/www.rubendario.cl\/sitio\/wp-json\/wp\/v2\/media\/19929"}],"wp:attachment":[{"href":"https:\/\/www.rubendario.cl\/sitio\/wp-json\/wp\/v2\/media?parent=19927"}],"wp:term":[{"taxonomy":"category","embeddable":true,"href":"https:\/\/www.rubendario.cl\/sitio\/wp-json\/wp\/v2\/categories?post=19927"},{"taxonomy":"post_tag","embeddable":true,"href":"https:\/\/www.rubendario.cl\/sitio\/wp-json\/wp\/v2\/tags?post=19927"}],"curies":[{"name":"wp","href":"https:\/\/api.w.org\/{rel}","templated":true}]}}