{"id":19934,"date":"2021-09-06T16:51:31","date_gmt":"2021-09-06T19:51:31","guid":{"rendered":"https:\/\/www.rubendario.cl\/sitio\/?p=19934"},"modified":"2021-09-06T17:23:38","modified_gmt":"2021-09-06T20:23:38","slug":"gestion-de-residuos-organicos-el-compostaje-como-alternativa-sustentable","status":"publish","type":"post","link":"https:\/\/www.rubendario.cl\/sitio\/gestion-de-residuos-organicos-el-compostaje-como-alternativa-sustentable\/","title":{"rendered":"Gesti\u00f3n de residuos org\u00e1nicos: el compostaje como alternativa sustentable"},"content":{"rendered":"<p><img loading=\"lazy\" decoding=\"async\" class=\"aligncenter size-full wp-image-19935\" src=\"https:\/\/www.rubendario.cl\/sitio\/wp-content\/uploads\/2021\/09\/banner-compostaje.png\" alt=\"\" width=\"660\" height=\"351\" srcset=\"https:\/\/www.rubendario.cl\/sitio\/wp-content\/uploads\/2021\/09\/banner-compostaje.png 660w, https:\/\/www.rubendario.cl\/sitio\/wp-content\/uploads\/2021\/09\/banner-compostaje-300x160.png 300w, https:\/\/www.rubendario.cl\/sitio\/wp-content\/uploads\/2021\/09\/banner-compostaje-460x245.png 460w, https:\/\/www.rubendario.cl\/sitio\/wp-content\/uploads\/2021\/09\/banner-compostaje-310x165.png 310w\" sizes=\"auto, (max-width: 660px) 100vw, 660px\" \/><\/p>\n<p>A nivel Colegio, como parte del <strong>Proyecto Educativo Institucional (PEI)<\/strong>, donde se establece como sello institucional el compromiso, valorizaci\u00f3n y cuidado del medio ambiente; y tambi\u00e9n, el <strong>Plan Anual de Gesti\u00f3n<\/strong>, <strong>Formaci\u00f3n y Convivencia Escolar<\/strong>, que establece la responsabilidad con el entorno socio-natural, incentivando la creaci\u00f3n de espacios de discusi\u00f3n y acciones concretas de participaci\u00f3n en instancias que sean un aporte a la comprensi\u00f3n y protecci\u00f3n del medio ambiente, es que, durante este a\u00f1o 2021 se han desarrollado diferentes iniciativas en la tem\u00e1tica ambiental, siendo una de ellas el taller <em><strong>\u00bfSabes si est\u00e1s gestionando correctamente tu basura?<\/strong><\/em>, el cual fue desarrollado por la <strong>profesora G\u00e9nesis Ord\u00f3\u00f1ez<\/strong> en el marco de la celebraci\u00f3n de la semana de la familia.<\/p>\n<p>El presente documento de trabajo profundiza lo abordado en el taller mencionado y difunde su contenido a la comunidad educativa del Colegio, con el objetivo de generar conocimiento sobre la tem\u00e1tica ambiental, incentivando pr\u00e1cticas y h\u00e1bitos sustentables relacionados con la gesti\u00f3n de residuos, y en particular, alternativas sustentables como el compostaje, acci\u00f3n enfocada en los residuos org\u00e1nicos. Adem\u00e1s, considerando el contexto actual marcado por la crisis sanitaria y confinamiento de muchas familias en sus hogares, es que, esta acci\u00f3n se presenta como una alternativa para ser llevada a cabo en el hogar de los\/las estudiantes, involucrando tambi\u00e9n a la familia en el proceso que integra aprendizaje y sustentabilidad.<\/p>\n<p>Esperamos que este documento pueda contribuir en la generaci\u00f3n de conocimiento, y sea de su inter\u00e9s.<\/p>\n<p>&nbsp;<\/p>\n<p>\u00c1rea de Medio Ambiente, Convivencia Escolar,<br \/>\nColegio Poeta Rub\u00e9n Dar\u00edo<\/p>\n<p style=\"text-align: center;\"><strong><br \/>\n<span style=\"color: #333399;\">Documento<\/span><\/strong><\/p>\n<p style=\"text-align: center;\"><a href=\"https:\/\/drive.google.com\/file\/d\/1RBl0cA4IVz3EicUqpvJVoTthuSP2w3iP\/view?usp=sharing\"><img loading=\"lazy\" decoding=\"async\" class=\"aligncenter wp-image-12631 size-full\" src=\"https:\/\/www.rubendario.cl\/sitio\/wp-content\/uploads\/2018\/08\/descargar-1.jpg\" alt=\"\" width=\"200\" height=\"85\" \/><\/a><\/p>\n","protected":false},"excerpt":{"rendered":"<p>A nivel Colegio, como parte del Proyecto Educativo Institucional (PEI), donde se establece como sello institucional el compromiso, valorizaci\u00f3n y cuidado del medio ambiente; y tambi\u00e9n, el Plan Anual de Gesti\u00f3n, Formaci\u00f3n y Convivencia Escolar, que establece la responsabilidad con el entorno socio-natural, incentivando la creaci\u00f3n de espacios de discusi\u00f3n y acciones concretas de participaci\u00f3n &hellip;<\/p>\n","protected":false},"author":1,"featured_media":19935,"comment_status":"closed","ping_status":"open","sticky":false,"template":"","format":"standard","meta":{"footnotes":""},"categories":[178,188,176,186,72],"tags":[],"class_list":["post-19934","post","type-post","status-publish","format-standard","has-post-thumbnail","","category-178","category-estudiosydiscusion","category-medioambiente","category-notas","category-noticias"],"publishpress_future_action":{"enabled":false,"date":"2026-05-10 11:09:26","action":"change-status","newStatus":"draft","terms":[],"taxonomy":"category","extraData":[]},"publishpress_future_workflow_manual_trigger":{"enabledWorkflows":[]},"_links":{"self":[{"href":"https:\/\/www.rubendario.cl\/sitio\/wp-json\/wp\/v2\/posts\/19934","targetHints":{"allow":["GET"]}}],"collection":[{"href":"https:\/\/www.rubendario.cl\/sitio\/wp-json\/wp\/v2\/posts"}],"about":[{"href":"https:\/\/www.rubendario.cl\/sitio\/wp-json\/wp\/v2\/types\/post"}],"author":[{"embeddable":true,"href":"https:\/\/www.rubendario.cl\/sitio\/wp-json\/wp\/v2\/users\/1"}],"replies":[{"embeddable":true,"href":"https:\/\/www.rubendario.cl\/sitio\/wp-json\/wp\/v2\/comments?post=19934"}],"version-history":[{"count":3,"href":"https:\/\/www.rubendario.cl\/sitio\/wp-json\/wp\/v2\/posts\/19934\/revisions"}],"predecessor-version":[{"id":19944,"href":"https:\/\/www.rubendario.cl\/sitio\/wp-json\/wp\/v2\/posts\/19934\/revisions\/19944"}],"wp:featuredmedia":[{"embeddable":true,"href":"https:\/\/www.rubendario.cl\/sitio\/wp-json\/wp\/v2\/media\/19935"}],"wp:attachment":[{"href":"https:\/\/www.rubendario.cl\/sitio\/wp-json\/wp\/v2\/media?parent=19934"}],"wp:term":[{"taxonomy":"category","embeddable":true,"href":"https:\/\/www.rubendario.cl\/sitio\/wp-json\/wp\/v2\/categories?post=19934"},{"taxonomy":"post_tag","embeddable":true,"href":"https:\/\/www.rubendario.cl\/sitio\/wp-json\/wp\/v2\/tags?post=19934"}],"curies":[{"name":"wp","href":"https:\/\/api.w.org\/{rel}","templated":true}]}}