{"id":19937,"date":"2021-09-06T17:04:53","date_gmt":"2021-09-06T20:04:53","guid":{"rendered":"https:\/\/www.rubendario.cl\/sitio\/?p=19937"},"modified":"2021-09-06T17:08:34","modified_gmt":"2021-09-06T20:08:34","slug":"celebracion-fiestas-patrias","status":"publish","type":"post","link":"https:\/\/www.rubendario.cl\/sitio\/celebracion-fiestas-patrias\/","title":{"rendered":"Celebraci\u00f3n Fiestas Patrias [ACTIVIDAD]"},"content":{"rendered":"<p><img loading=\"lazy\" decoding=\"async\" class=\"aligncenter size-full wp-image-19938\" src=\"https:\/\/www.rubendario.cl\/sitio\/wp-content\/uploads\/2021\/09\/banner-costumbres.png\" alt=\"\" width=\"660\" height=\"351\" srcset=\"https:\/\/www.rubendario.cl\/sitio\/wp-content\/uploads\/2021\/09\/banner-costumbres.png 660w, https:\/\/www.rubendario.cl\/sitio\/wp-content\/uploads\/2021\/09\/banner-costumbres-300x160.png 300w, https:\/\/www.rubendario.cl\/sitio\/wp-content\/uploads\/2021\/09\/banner-costumbres-460x245.png 460w, https:\/\/www.rubendario.cl\/sitio\/wp-content\/uploads\/2021\/09\/banner-costumbres-310x165.png 310w\" sizes=\"auto, (max-width: 660px) 100vw, 660px\" \/><\/p>\n<p>Querida comunidad,<\/p>\n<p>Junto con saludar y esperando que se encuentren muy bien junto a su familia, les escribimos para informar de un cambio de actividad de las clases on line, con motivo de la celebraci\u00f3n de fiestas patrias.<\/p>\n<p>Este <strong>viernes 10 de septiembre<\/strong> se realizar\u00e1 una <strong>actividad on line<\/strong>, <span style=\"text-decoration: underline;\"><strong>dirigida por cada profesor(a) jefe de Preb\u00e1sica a 4\u00b0 medio<\/strong><\/span> (preb\u00e1sica informar\u00e1 sus horarios por el tabl\u00f3n). Esta actividad ser\u00e1 alusiva a las costumbres de nuestra cultura nacional.<\/p>\n<p>M\u00e1s informaci\u00f3n ser\u00e1 publicada en cada tabl\u00f3n de jefatura.<\/p>\n<p><a id=\"emoji-info-url\" class=\"ek_link\" href=\"https:\/\/emojikeyboard.org\/copy\/White_Right_Pointing_Backhand_Index_Emoji_%F0%9F%91%89?utm_source=extlink\"><span id=\"emoji-info-value\">\ud83d\udc49<\/span><\/a>\u00a0<strong>El horario es de 10:00 a 12:00 horas (m\u00ednimo 45 minutos) en 1\u00b0 b\u00e1sico B ser\u00e1 a las 11:00 horas. En los cursos 2\u00b0 b\u00e1sico B ser\u00e1 en horario de jornada tarde 15:00 horas.<\/strong><\/p>\n<p>Esperamos contar con una buena acogida a esta instancia de convivencia y promover la participaci\u00f3n y socializaci\u00f3n entre nuestros estudiantes y la comunidad.<\/p>\n<p>Muchas gracias.<\/p>\n<p>Equipo de Convivencia<\/p>\n","protected":false},"excerpt":{"rendered":"<p>Querida comunidad, Junto con saludar y esperando que se encuentren muy bien junto a su familia, les escribimos para informar de un cambio de actividad de las clases on line, con motivo de la celebraci\u00f3n de fiestas patrias. Este viernes 10 de septiembre se realizar\u00e1 una actividad on line, dirigida por cada profesor(a) jefe de &hellip;<\/p>\n","protected":false},"author":1,"featured_media":19938,"comment_status":"closed","ping_status":"open","sticky":false,"template":"","format":"standard","meta":{"footnotes":""},"categories":[178,186,72],"tags":[],"class_list":["post-19937","post","type-post","status-publish","format-standard","has-post-thumbnail","","category-178","category-notas","category-noticias"],"publishpress_future_action":{"enabled":false,"date":"2026-05-10 12:06:09","action":"change-status","newStatus":"draft","terms":[],"taxonomy":"category","extraData":[]},"publishpress_future_workflow_manual_trigger":{"enabledWorkflows":[]},"_links":{"self":[{"href":"https:\/\/www.rubendario.cl\/sitio\/wp-json\/wp\/v2\/posts\/19937","targetHints":{"allow":["GET"]}}],"collection":[{"href":"https:\/\/www.rubendario.cl\/sitio\/wp-json\/wp\/v2\/posts"}],"about":[{"href":"https:\/\/www.rubendario.cl\/sitio\/wp-json\/wp\/v2\/types\/post"}],"author":[{"embeddable":true,"href":"https:\/\/www.rubendario.cl\/sitio\/wp-json\/wp\/v2\/users\/1"}],"replies":[{"embeddable":true,"href":"https:\/\/www.rubendario.cl\/sitio\/wp-json\/wp\/v2\/comments?post=19937"}],"version-history":[{"count":2,"href":"https:\/\/www.rubendario.cl\/sitio\/wp-json\/wp\/v2\/posts\/19937\/revisions"}],"predecessor-version":[{"id":19940,"href":"https:\/\/www.rubendario.cl\/sitio\/wp-json\/wp\/v2\/posts\/19937\/revisions\/19940"}],"wp:featuredmedia":[{"embeddable":true,"href":"https:\/\/www.rubendario.cl\/sitio\/wp-json\/wp\/v2\/media\/19938"}],"wp:attachment":[{"href":"https:\/\/www.rubendario.cl\/sitio\/wp-json\/wp\/v2\/media?parent=19937"}],"wp:term":[{"taxonomy":"category","embeddable":true,"href":"https:\/\/www.rubendario.cl\/sitio\/wp-json\/wp\/v2\/categories?post=19937"},{"taxonomy":"post_tag","embeddable":true,"href":"https:\/\/www.rubendario.cl\/sitio\/wp-json\/wp\/v2\/tags?post=19937"}],"curies":[{"name":"wp","href":"https:\/\/api.w.org\/{rel}","templated":true}]}}