{"id":19957,"date":"2021-09-20T08:00:46","date_gmt":"2021-09-20T11:00:46","guid":{"rendered":"https:\/\/www.rubendario.cl\/sitio\/?p=19957"},"modified":"2021-09-12T19:11:55","modified_gmt":"2021-09-12T22:11:55","slug":"cambio-climatico","status":"publish","type":"post","link":"https:\/\/www.rubendario.cl\/sitio\/cambio-climatico\/","title":{"rendered":"Cambio Clim\u00e1tico"},"content":{"rendered":"<p><img loading=\"lazy\" decoding=\"async\" class=\"aligncenter size-full wp-image-19958\" src=\"https:\/\/www.rubendario.cl\/sitio\/wp-content\/uploads\/2021\/09\/banner-educaccion.png\" alt=\"\" width=\"660\" height=\"351\" srcset=\"https:\/\/www.rubendario.cl\/sitio\/wp-content\/uploads\/2021\/09\/banner-educaccion.png 660w, https:\/\/www.rubendario.cl\/sitio\/wp-content\/uploads\/2021\/09\/banner-educaccion-300x160.png 300w, https:\/\/www.rubendario.cl\/sitio\/wp-content\/uploads\/2021\/09\/banner-educaccion-460x245.png 460w, https:\/\/www.rubendario.cl\/sitio\/wp-content\/uploads\/2021\/09\/banner-educaccion-310x165.png 310w\" sizes=\"auto, (max-width: 660px) 100vw, 660px\" \/><\/p>\n<p>Querida comunidad, esperando que est\u00e9n bien, les damos a conocer informaci\u00f3n de gran\u00a0importancia para el contexto actual que vivimos, y que puede ser de su inter\u00e9s. A continuaci\u00f3n,\u00a0dejamos con ustedes el Libro <em><strong>\u201cEl Poder del Sol\u201d<\/strong><\/em>, cuya tem\u00e1tica se relaciona con el <strong>cambio clim\u00e1tico\u00a0y la Capa de Ozono<\/strong>, y busca contribuir a la generaci\u00f3n de conocimiento sobre el Sol y su relaci\u00f3n\u00a0con nuestro planeta.<\/p>\n<p>Para ver este libro, puedes ingresar presionando el siguiente enlace:<\/p>\n<p style=\"text-align: center;\"><span style=\"font-size: 14pt;\"><a href=\"https:\/\/educacion.mma.gob.cl\/wp-content\/uploads\/2020\/01\/Libro_ElPoderdelSol_adayne.pdf\"><span style=\"color: #333399;\"><strong>CLIC AQUI<\/strong><\/span><\/a><\/span><\/p>\n<p>Adem\u00e1s, dejamos con ustedes otro libro cuyo nombre es <em><strong>\u201cEducaci\u00f3n Ambiental para el Cambio Clim\u00e1tico\u201d<\/strong><\/em>, elaborado por el Ministerio de Medio Ambiente, y que busca entregar informaci\u00f3n\u00a0sobre c\u00f3mo abordar la tem\u00e1tica ambiental y en particular, sobre cambio clim\u00e1tico en la educaci\u00f3n.<\/p>\n<p>Para ver este libro, puedes ingresar presionando el siguiente enlace:<\/p>\n<p style=\"text-align: center;\"><span style=\"font-size: 14pt; color: #333399;\"><strong><a style=\"color: #333399;\" href=\"https:\/\/educacion.mma.gob.cl\/wp-content\/uploads\/2015\/09\/Cuadernillo_Cambio_Climatico.pdf\">CLIC AQUI<\/a><\/strong><\/span><\/p>\n<p>Esperamos que ambos documentos sean de gran inter\u00e9s para ti,<\/p>\n<p>\u00c1rea de Medio Ambiente, Convivencia Escolar,<br \/>\nColegio Poeta Rub\u00e9n Dar\u00edo<\/p>\n","protected":false},"excerpt":{"rendered":"<p>Querida comunidad, esperando que est\u00e9n bien, les damos a conocer informaci\u00f3n de gran\u00a0importancia para el contexto actual que vivimos, y que puede ser de su inter\u00e9s. A continuaci\u00f3n,\u00a0dejamos con ustedes el Libro \u201cEl Poder del Sol\u201d, cuya tem\u00e1tica se relaciona con el cambio clim\u00e1tico\u00a0y la Capa de Ozono, y busca contribuir a la generaci\u00f3n de &hellip;<\/p>\n","protected":false},"author":1,"featured_media":19958,"comment_status":"closed","ping_status":"open","sticky":false,"template":"","format":"standard","meta":{"footnotes":""},"categories":[178,188,176],"tags":[],"class_list":["post-19957","post","type-post","status-publish","format-standard","has-post-thumbnail","","category-178","category-estudiosydiscusion","category-medioambiente"],"publishpress_future_action":{"enabled":false,"date":"2026-05-10 11:00:03","action":"change-status","newStatus":"draft","terms":[],"taxonomy":"category","extraData":[]},"publishpress_future_workflow_manual_trigger":{"enabledWorkflows":[]},"_links":{"self":[{"href":"https:\/\/www.rubendario.cl\/sitio\/wp-json\/wp\/v2\/posts\/19957","targetHints":{"allow":["GET"]}}],"collection":[{"href":"https:\/\/www.rubendario.cl\/sitio\/wp-json\/wp\/v2\/posts"}],"about":[{"href":"https:\/\/www.rubendario.cl\/sitio\/wp-json\/wp\/v2\/types\/post"}],"author":[{"embeddable":true,"href":"https:\/\/www.rubendario.cl\/sitio\/wp-json\/wp\/v2\/users\/1"}],"replies":[{"embeddable":true,"href":"https:\/\/www.rubendario.cl\/sitio\/wp-json\/wp\/v2\/comments?post=19957"}],"version-history":[{"count":1,"href":"https:\/\/www.rubendario.cl\/sitio\/wp-json\/wp\/v2\/posts\/19957\/revisions"}],"predecessor-version":[{"id":19959,"href":"https:\/\/www.rubendario.cl\/sitio\/wp-json\/wp\/v2\/posts\/19957\/revisions\/19959"}],"wp:featuredmedia":[{"embeddable":true,"href":"https:\/\/www.rubendario.cl\/sitio\/wp-json\/wp\/v2\/media\/19958"}],"wp:attachment":[{"href":"https:\/\/www.rubendario.cl\/sitio\/wp-json\/wp\/v2\/media?parent=19957"}],"wp:term":[{"taxonomy":"category","embeddable":true,"href":"https:\/\/www.rubendario.cl\/sitio\/wp-json\/wp\/v2\/categories?post=19957"},{"taxonomy":"post_tag","embeddable":true,"href":"https:\/\/www.rubendario.cl\/sitio\/wp-json\/wp\/v2\/tags?post=19957"}],"curies":[{"name":"wp","href":"https:\/\/api.w.org\/{rel}","templated":true}]}}