{"id":19960,"date":"2021-09-25T08:00:25","date_gmt":"2021-09-25T11:00:25","guid":{"rendered":"https:\/\/www.rubendario.cl\/sitio\/?p=19960"},"modified":"2021-09-12T19:25:25","modified_gmt":"2021-09-12T22:25:25","slug":"dia-nacional-sin-automovil","status":"publish","type":"post","link":"https:\/\/www.rubendario.cl\/sitio\/dia-nacional-sin-automovil\/","title":{"rendered":"D\u00eda Nacional Sin Autom\u00f3vil"},"content":{"rendered":"<p><img loading=\"lazy\" decoding=\"async\" class=\"aligncenter size-full wp-image-19962\" src=\"https:\/\/www.rubendario.cl\/sitio\/wp-content\/uploads\/2021\/09\/banner-automovil.png\" alt=\"\" width=\"660\" height=\"351\" srcset=\"https:\/\/www.rubendario.cl\/sitio\/wp-content\/uploads\/2021\/09\/banner-automovil.png 660w, https:\/\/www.rubendario.cl\/sitio\/wp-content\/uploads\/2021\/09\/banner-automovil-300x160.png 300w, https:\/\/www.rubendario.cl\/sitio\/wp-content\/uploads\/2021\/09\/banner-automovil-460x245.png 460w, https:\/\/www.rubendario.cl\/sitio\/wp-content\/uploads\/2021\/09\/banner-automovil-310x165.png 310w\" sizes=\"auto, (max-width: 660px) 100vw, 660px\" \/><\/p>\n<p>Hoy 25 de septiembre se celebra a nivel nacional el <strong>D\u00eda Nacional Sin Autom\u00f3vil<\/strong>. En Chile, en el a\u00f1o\u00a02018 se establece oficialmente esta efem\u00e9ride ambiental, buscando fomentar el uso del\u00a0transporte p\u00fablico, otros medios de transporte no motorizado y la eficiencia energ\u00e9tica, y as\u00ed,\u00a0dejar el uso de autom\u00f3vil por dos motivos generales: 1) cuestionar el dominio del autom\u00f3vil como\u00a0medio de transporte y 2) generar conciencia sobre la dependencia a los combustibles f\u00f3siles.<\/p>\n<p>A nivel nacional, y seg\u00fan los resultados de la <strong>Encuesta de Medio Ambiente 2018<\/strong>, las personas\u00a0indican que el medio de transporte que usan con mayor frecuencia es el autom\u00f3vil con un 34% de\u00a0las preferencias, seguido de la micro\/bus con un 30%. Ello contrasta con el porcentaje que alcanza\u00a0el uso de la bicicleta con solo un 7% de las preferencias. A nivel Colegio, y seg\u00fan los datos de la\u00a0Encuesta de Medio Ambiente aplicada este a\u00f1o 2021, se observa que, el 71% de la comunidad\u00a0educativa utiliza autom\u00f3vil para movilizarse, mientras que, el uso de la bicicleta como medio de\u00a0transporte solo alcanza el 10%.<\/p>\n<p>A continuaci\u00f3n, te mostramos los resultados de movilidad de la <strong>Encuesta de Medio Ambiente 2021<\/strong>.<\/p>\n<p><img loading=\"lazy\" decoding=\"async\" class=\"aligncenter size-full wp-image-19961\" src=\"https:\/\/www.rubendario.cl\/sitio\/wp-content\/uploads\/2021\/09\/007.png\" alt=\"\" width=\"660\" height=\"934\" srcset=\"https:\/\/www.rubendario.cl\/sitio\/wp-content\/uploads\/2021\/09\/007.png 660w, https:\/\/www.rubendario.cl\/sitio\/wp-content\/uploads\/2021\/09\/007-212x300.png 212w, https:\/\/www.rubendario.cl\/sitio\/wp-content\/uploads\/2021\/09\/007-325x460.png 325w\" sizes=\"auto, (max-width: 660px) 100vw, 660px\" \/><\/p>\n<p>&nbsp;<\/p>\n<p>Saluda atentamente,<\/p>\n<p>&nbsp;<\/p>\n<p>\u00c1rea de Medio Ambiente, Convivencia Escolar,<br \/>\nColegio Poeta Rub\u00e9n Dar\u00edo<\/p>\n","protected":false},"excerpt":{"rendered":"<p>Hoy 25 de septiembre se celebra a nivel nacional el D\u00eda Nacional Sin Autom\u00f3vil. En Chile, en el a\u00f1o\u00a02018 se establece oficialmente esta efem\u00e9ride ambiental, buscando fomentar el uso del\u00a0transporte p\u00fablico, otros medios de transporte no motorizado y la eficiencia energ\u00e9tica, y as\u00ed,\u00a0dejar el uso de autom\u00f3vil por dos motivos generales: 1) cuestionar el dominio &hellip;<\/p>\n","protected":false},"author":1,"featured_media":19962,"comment_status":"closed","ping_status":"open","sticky":false,"template":"","format":"standard","meta":{"footnotes":""},"categories":[178,182,176],"tags":[],"class_list":["post-19960","post","type-post","status-publish","format-standard","has-post-thumbnail","","category-178","category-efemerides","category-medioambiente"],"publishpress_future_action":{"enabled":false,"date":"2026-05-10 11:54:14","action":"change-status","newStatus":"draft","terms":[],"taxonomy":"category","extraData":[]},"publishpress_future_workflow_manual_trigger":{"enabledWorkflows":[]},"_links":{"self":[{"href":"https:\/\/www.rubendario.cl\/sitio\/wp-json\/wp\/v2\/posts\/19960","targetHints":{"allow":["GET"]}}],"collection":[{"href":"https:\/\/www.rubendario.cl\/sitio\/wp-json\/wp\/v2\/posts"}],"about":[{"href":"https:\/\/www.rubendario.cl\/sitio\/wp-json\/wp\/v2\/types\/post"}],"author":[{"embeddable":true,"href":"https:\/\/www.rubendario.cl\/sitio\/wp-json\/wp\/v2\/users\/1"}],"replies":[{"embeddable":true,"href":"https:\/\/www.rubendario.cl\/sitio\/wp-json\/wp\/v2\/comments?post=19960"}],"version-history":[{"count":1,"href":"https:\/\/www.rubendario.cl\/sitio\/wp-json\/wp\/v2\/posts\/19960\/revisions"}],"predecessor-version":[{"id":19963,"href":"https:\/\/www.rubendario.cl\/sitio\/wp-json\/wp\/v2\/posts\/19960\/revisions\/19963"}],"wp:featuredmedia":[{"embeddable":true,"href":"https:\/\/www.rubendario.cl\/sitio\/wp-json\/wp\/v2\/media\/19962"}],"wp:attachment":[{"href":"https:\/\/www.rubendario.cl\/sitio\/wp-json\/wp\/v2\/media?parent=19960"}],"wp:term":[{"taxonomy":"category","embeddable":true,"href":"https:\/\/www.rubendario.cl\/sitio\/wp-json\/wp\/v2\/categories?post=19960"},{"taxonomy":"post_tag","embeddable":true,"href":"https:\/\/www.rubendario.cl\/sitio\/wp-json\/wp\/v2\/tags?post=19960"}],"curies":[{"name":"wp","href":"https:\/\/api.w.org\/{rel}","templated":true}]}}