{"id":19967,"date":"2021-09-30T08:00:02","date_gmt":"2021-09-30T11:00:02","guid":{"rendered":"https:\/\/www.rubendario.cl\/sitio\/?p=19967"},"modified":"2021-09-12T20:03:52","modified_gmt":"2021-09-12T23:03:52","slug":"acercando-las-geografias-a-la-sociedad","status":"publish","type":"post","link":"https:\/\/www.rubendario.cl\/sitio\/acercando-las-geografias-a-la-sociedad\/","title":{"rendered":"Acercando la(s) Geograf\u00eda(s) a la sociedad"},"content":{"rendered":"<p><img loading=\"lazy\" decoding=\"async\" class=\"aligncenter size-full wp-image-19968\" src=\"https:\/\/www.rubendario.cl\/sitio\/wp-content\/uploads\/2021\/09\/gegrafia.png\" alt=\"\" width=\"660\" height=\"351\" srcset=\"https:\/\/www.rubendario.cl\/sitio\/wp-content\/uploads\/2021\/09\/gegrafia.png 660w, https:\/\/www.rubendario.cl\/sitio\/wp-content\/uploads\/2021\/09\/gegrafia-300x160.png 300w, https:\/\/www.rubendario.cl\/sitio\/wp-content\/uploads\/2021\/09\/gegrafia-460x245.png 460w, https:\/\/www.rubendario.cl\/sitio\/wp-content\/uploads\/2021\/09\/gegrafia-310x165.png 310w\" sizes=\"auto, (max-width: 660px) 100vw, 660px\" \/><\/p>\n<p>Querida comunidad Ruberiana, esperando se encuentren bien junto a sus familias, a continuaci\u00f3n, compartimos con ustedes un video-documental presentado por el <strong>Ge\u00f3grafo Marcelo Lagos<\/strong>, cuya\u00a0tem\u00e1tica es dar a conocer la comprensi\u00f3n de las relaciones humanas con su entorno socio-natural.<\/p>\n<p>Espec\u00edficamente, la charla entrega informaci\u00f3n espec\u00edfica sobre los desastres socio-naturales de nuestro pa\u00eds, su comprensi\u00f3n y gesti\u00f3n en la actualidad.<\/p>\n<p style=\"text-align: center;\"><iframe loading=\"lazy\" title=\"YouTube video player\" src=\"https:\/\/www.youtube.com\/embed\/LxZoh1z0iNA\" width=\"560\" height=\"315\" frameborder=\"0\" allowfullscreen=\"allowfullscreen\"><\/iframe><\/p>\n<p>Esperamos que este material pueda contribuir a la comprensi\u00f3n de nuestro entorno socio-natural, y as\u00ed, impulsar mecanismos que permitan vivir en un ambiente saludable para la realizaci\u00f3n de las\u00a0actividades humanas.<\/p>\n<p>Les saluda atentamente,<\/p>\n<p>\u00c1rea de Medio Ambiente, Convivencia Escolar,<br \/>\nColegio Poeta Rub\u00e9n Dar\u00edo<\/p>\n","protected":false},"excerpt":{"rendered":"<p>Querida comunidad Ruberiana, esperando se encuentren bien junto a sus familias, a continuaci\u00f3n, compartimos con ustedes un video-documental presentado por el Ge\u00f3grafo Marcelo Lagos, cuya\u00a0tem\u00e1tica es dar a conocer la comprensi\u00f3n de las relaciones humanas con su entorno socio-natural. Espec\u00edficamente, la charla entrega informaci\u00f3n espec\u00edfica sobre los desastres socio-naturales de nuestro pa\u00eds, su comprensi\u00f3n y &hellip;<\/p>\n","protected":false},"author":1,"featured_media":19968,"comment_status":"closed","ping_status":"open","sticky":false,"template":"","format":"standard","meta":{"footnotes":""},"categories":[178,188,176],"tags":[],"class_list":["post-19967","post","type-post","status-publish","format-standard","has-post-thumbnail","","category-178","category-estudiosydiscusion","category-medioambiente"],"publishpress_future_action":{"enabled":false,"date":"2026-05-10 11:14:22","action":"change-status","newStatus":"draft","terms":[],"taxonomy":"category","extraData":[]},"publishpress_future_workflow_manual_trigger":{"enabledWorkflows":[]},"_links":{"self":[{"href":"https:\/\/www.rubendario.cl\/sitio\/wp-json\/wp\/v2\/posts\/19967","targetHints":{"allow":["GET"]}}],"collection":[{"href":"https:\/\/www.rubendario.cl\/sitio\/wp-json\/wp\/v2\/posts"}],"about":[{"href":"https:\/\/www.rubendario.cl\/sitio\/wp-json\/wp\/v2\/types\/post"}],"author":[{"embeddable":true,"href":"https:\/\/www.rubendario.cl\/sitio\/wp-json\/wp\/v2\/users\/1"}],"replies":[{"embeddable":true,"href":"https:\/\/www.rubendario.cl\/sitio\/wp-json\/wp\/v2\/comments?post=19967"}],"version-history":[{"count":1,"href":"https:\/\/www.rubendario.cl\/sitio\/wp-json\/wp\/v2\/posts\/19967\/revisions"}],"predecessor-version":[{"id":19969,"href":"https:\/\/www.rubendario.cl\/sitio\/wp-json\/wp\/v2\/posts\/19967\/revisions\/19969"}],"wp:featuredmedia":[{"embeddable":true,"href":"https:\/\/www.rubendario.cl\/sitio\/wp-json\/wp\/v2\/media\/19968"}],"wp:attachment":[{"href":"https:\/\/www.rubendario.cl\/sitio\/wp-json\/wp\/v2\/media?parent=19967"}],"wp:term":[{"taxonomy":"category","embeddable":true,"href":"https:\/\/www.rubendario.cl\/sitio\/wp-json\/wp\/v2\/categories?post=19967"},{"taxonomy":"post_tag","embeddable":true,"href":"https:\/\/www.rubendario.cl\/sitio\/wp-json\/wp\/v2\/tags?post=19967"}],"curies":[{"name":"wp","href":"https:\/\/api.w.org\/{rel}","templated":true}]}}