{"id":19988,"date":"2021-11-20T08:00:43","date_gmt":"2021-11-20T11:00:43","guid":{"rendered":"https:\/\/www.rubendario.cl\/sitio\/?p=19988"},"modified":"2021-09-17T15:49:43","modified_gmt":"2021-09-17T18:49:43","slug":"dia-del-derecho-del-nino-y-nina","status":"publish","type":"post","link":"https:\/\/www.rubendario.cl\/sitio\/dia-del-derecho-del-nino-y-nina\/","title":{"rendered":"D\u00eda del Derecho del Ni\u00f1o y Ni\u00f1a"},"content":{"rendered":"<p><img loading=\"lazy\" decoding=\"async\" class=\"aligncenter size-full wp-image-19989\" src=\"https:\/\/www.rubendario.cl\/sitio\/wp-content\/uploads\/2021\/09\/banner-ninos.png\" alt=\"\" width=\"660\" height=\"351\" srcset=\"https:\/\/www.rubendario.cl\/sitio\/wp-content\/uploads\/2021\/09\/banner-ninos.png 660w, https:\/\/www.rubendario.cl\/sitio\/wp-content\/uploads\/2021\/09\/banner-ninos-300x160.png 300w, https:\/\/www.rubendario.cl\/sitio\/wp-content\/uploads\/2021\/09\/banner-ninos-460x245.png 460w, https:\/\/www.rubendario.cl\/sitio\/wp-content\/uploads\/2021\/09\/banner-ninos-310x165.png 310w\" sizes=\"auto, (max-width: 660px) 100vw, 660px\" \/><\/p>\n<p>Hoy 20 de noviembre se celebra a nivel mundial el <strong>D\u00eda de los Derechos del Ni\u00f1o y Ni\u00f1a<\/strong>, con el\u00a0objetivo de conmemorar la aprobaci\u00f3n por Naciones Unidas de la Convenci\u00f3n sobre los Derechos del Ni\u00f1o. La convenci\u00f3n significa un cambio en la\u00a0consideraci\u00f3n\u00a0de los ni\u00f1os y las ni\u00f1as como\u00a0sujetos activos con plenos derechos (teniendo en cuenta el proceso evolutivo).<\/p>\n<p>La\u00a0Convenci\u00f3n sobre los Derechos del Ni\u00f1o estipula los derechos humanos b\u00e1sicos que deben disfrutar los ni\u00f1os en todas partes, sin discriminaci\u00f3n alguna: el derecho a la supervivencia; al\u00a0desarrollo pleno; a la protecci\u00f3n contra las influencias peligrosas, contra el maltrato y la\u00a0explotaci\u00f3n; y a la plena participaci\u00f3n en la vida familiar, cultural y social.<\/p>\n<p>Equipo de Convivencia Escolar,<br \/>\nColegio Poeta Rub\u00e9n Dar\u00edo<\/p>\n","protected":false},"excerpt":{"rendered":"<p>Hoy 20 de noviembre se celebra a nivel mundial el D\u00eda de los Derechos del Ni\u00f1o y Ni\u00f1a, con el\u00a0objetivo de conmemorar la aprobaci\u00f3n por Naciones Unidas de la Convenci\u00f3n sobre los Derechos del Ni\u00f1o. La convenci\u00f3n significa un cambio en la\u00a0consideraci\u00f3n\u00a0de los ni\u00f1os y las ni\u00f1as como\u00a0sujetos activos con plenos derechos (teniendo en cuenta &hellip;<\/p>\n","protected":false},"author":1,"featured_media":19989,"comment_status":"closed","ping_status":"open","sticky":false,"template":"","format":"standard","meta":{"footnotes":""},"categories":[178,31,104,54,186,72],"tags":[],"class_list":["post-19988","post","type-post","status-publish","format-standard","has-post-thumbnail","","category-178","category-colegio","category-colegio-en-maipu","category-contenidos","category-notas","category-noticias"],"publishpress_future_action":{"enabled":false,"date":"2026-05-10 09:07:17","action":"change-status","newStatus":"draft","terms":[],"taxonomy":"category","extraData":[]},"publishpress_future_workflow_manual_trigger":{"enabledWorkflows":[]},"_links":{"self":[{"href":"https:\/\/www.rubendario.cl\/sitio\/wp-json\/wp\/v2\/posts\/19988","targetHints":{"allow":["GET"]}}],"collection":[{"href":"https:\/\/www.rubendario.cl\/sitio\/wp-json\/wp\/v2\/posts"}],"about":[{"href":"https:\/\/www.rubendario.cl\/sitio\/wp-json\/wp\/v2\/types\/post"}],"author":[{"embeddable":true,"href":"https:\/\/www.rubendario.cl\/sitio\/wp-json\/wp\/v2\/users\/1"}],"replies":[{"embeddable":true,"href":"https:\/\/www.rubendario.cl\/sitio\/wp-json\/wp\/v2\/comments?post=19988"}],"version-history":[{"count":1,"href":"https:\/\/www.rubendario.cl\/sitio\/wp-json\/wp\/v2\/posts\/19988\/revisions"}],"predecessor-version":[{"id":19990,"href":"https:\/\/www.rubendario.cl\/sitio\/wp-json\/wp\/v2\/posts\/19988\/revisions\/19990"}],"wp:featuredmedia":[{"embeddable":true,"href":"https:\/\/www.rubendario.cl\/sitio\/wp-json\/wp\/v2\/media\/19989"}],"wp:attachment":[{"href":"https:\/\/www.rubendario.cl\/sitio\/wp-json\/wp\/v2\/media?parent=19988"}],"wp:term":[{"taxonomy":"category","embeddable":true,"href":"https:\/\/www.rubendario.cl\/sitio\/wp-json\/wp\/v2\/categories?post=19988"},{"taxonomy":"post_tag","embeddable":true,"href":"https:\/\/www.rubendario.cl\/sitio\/wp-json\/wp\/v2\/tags?post=19988"}],"curies":[{"name":"wp","href":"https:\/\/api.w.org\/{rel}","templated":true}]}}