{"id":19991,"date":"2021-11-22T08:00:03","date_gmt":"2021-11-22T11:00:03","guid":{"rendered":"https:\/\/www.rubendario.cl\/sitio\/?p=19991"},"modified":"2021-09-17T16:02:27","modified_gmt":"2021-09-17T19:02:27","slug":"dia-de-la-educacion-parvularia-y-de-la-educadora-de-parvulo","status":"publish","type":"post","link":"https:\/\/www.rubendario.cl\/sitio\/dia-de-la-educacion-parvularia-y-de-la-educadora-de-parvulo\/","title":{"rendered":"D\u00eda de la Educaci\u00f3n Parvularia y de la Educadora de P\u00e1rvulo"},"content":{"rendered":"<p><img loading=\"lazy\" decoding=\"async\" class=\"aligncenter size-full wp-image-19993\" src=\"https:\/\/www.rubendario.cl\/sitio\/wp-content\/uploads\/2021\/09\/banner-edudacoraparvulos.png\" alt=\"\" width=\"660\" height=\"351\" srcset=\"https:\/\/www.rubendario.cl\/sitio\/wp-content\/uploads\/2021\/09\/banner-edudacoraparvulos.png 660w, https:\/\/www.rubendario.cl\/sitio\/wp-content\/uploads\/2021\/09\/banner-edudacoraparvulos-300x160.png 300w, https:\/\/www.rubendario.cl\/sitio\/wp-content\/uploads\/2021\/09\/banner-edudacoraparvulos-460x245.png 460w, https:\/\/www.rubendario.cl\/sitio\/wp-content\/uploads\/2021\/09\/banner-edudacoraparvulos-310x165.png 310w\" sizes=\"auto, (max-width: 660px) 100vw, 660px\" \/><\/p>\n<p>Hoy 22 de noviembre saludamos a las <strong>educadoras de p\u00e1rvulos de nuestro Colegio<\/strong>, con motivo de la celebraci\u00f3n a nivel nacional del <strong>D\u00eda de la Educaci\u00f3n Parvularia y de la\/el educador\/a de p\u00e1rvulos<\/strong>.<\/p>\n<p>En esta fecha especial para toda nuestra Comunidad Ruberiana, y en particular, para las educadoras de p\u00e1rvulos de nuestro Colegio, las queremos saludar a ustedes en su d\u00eda, por la labor\u00a0que realizan de educar, ense\u00f1ar y entregar amor a nuestros estudiantes en su primer nivel\u00a0educativo. Esta hermosa labor, que, en conjunto con la familia, permite aprendizajes y el\u00a0desarrollo de potencialidades para un formaci\u00f3n integral, plena y arm\u00f3nica.<\/p>\n<p>A ustedes, felicitaciones en su d\u00eda, y todo nuestro cari\u00f1o y reconocimiento por su labor fundamental,<\/p>\n<p>Colegio Poeta Rub\u00e9n Dar\u00edo<\/p>\n","protected":false},"excerpt":{"rendered":"<p>Hoy 22 de noviembre saludamos a las educadoras de p\u00e1rvulos de nuestro Colegio, con motivo de la celebraci\u00f3n a nivel nacional del D\u00eda de la Educaci\u00f3n Parvularia y de la\/el educador\/a de p\u00e1rvulos. En esta fecha especial para toda nuestra Comunidad Ruberiana, y en particular, para las educadoras de p\u00e1rvulos de nuestro Colegio, las queremos &hellip;<\/p>\n","protected":false},"author":1,"featured_media":19993,"comment_status":"closed","ping_status":"open","sticky":false,"template":"","format":"standard","meta":{"footnotes":""},"categories":[178,31,104,54,186,72],"tags":[],"class_list":["post-19991","post","type-post","status-publish","format-standard","has-post-thumbnail","","category-178","category-colegio","category-colegio-en-maipu","category-contenidos","category-notas","category-noticias"],"publishpress_future_action":{"enabled":false,"date":"2026-05-10 10:15:35","action":"change-status","newStatus":"draft","terms":[],"taxonomy":"category","extraData":[]},"publishpress_future_workflow_manual_trigger":{"enabledWorkflows":[]},"_links":{"self":[{"href":"https:\/\/www.rubendario.cl\/sitio\/wp-json\/wp\/v2\/posts\/19991","targetHints":{"allow":["GET"]}}],"collection":[{"href":"https:\/\/www.rubendario.cl\/sitio\/wp-json\/wp\/v2\/posts"}],"about":[{"href":"https:\/\/www.rubendario.cl\/sitio\/wp-json\/wp\/v2\/types\/post"}],"author":[{"embeddable":true,"href":"https:\/\/www.rubendario.cl\/sitio\/wp-json\/wp\/v2\/users\/1"}],"replies":[{"embeddable":true,"href":"https:\/\/www.rubendario.cl\/sitio\/wp-json\/wp\/v2\/comments?post=19991"}],"version-history":[{"count":1,"href":"https:\/\/www.rubendario.cl\/sitio\/wp-json\/wp\/v2\/posts\/19991\/revisions"}],"predecessor-version":[{"id":19994,"href":"https:\/\/www.rubendario.cl\/sitio\/wp-json\/wp\/v2\/posts\/19991\/revisions\/19994"}],"wp:featuredmedia":[{"embeddable":true,"href":"https:\/\/www.rubendario.cl\/sitio\/wp-json\/wp\/v2\/media\/19993"}],"wp:attachment":[{"href":"https:\/\/www.rubendario.cl\/sitio\/wp-json\/wp\/v2\/media?parent=19991"}],"wp:term":[{"taxonomy":"category","embeddable":true,"href":"https:\/\/www.rubendario.cl\/sitio\/wp-json\/wp\/v2\/categories?post=19991"},{"taxonomy":"post_tag","embeddable":true,"href":"https:\/\/www.rubendario.cl\/sitio\/wp-json\/wp\/v2\/tags?post=19991"}],"curies":[{"name":"wp","href":"https:\/\/api.w.org\/{rel}","templated":true}]}}