{"id":20274,"date":"2021-11-14T10:50:27","date_gmt":"2021-11-14T13:50:27","guid":{"rendered":"https:\/\/www.rubendario.cl\/sitio\/?p=20274"},"modified":"2021-11-14T10:50:27","modified_gmt":"2021-11-14T13:50:27","slug":"talleres-de-educacion-socioemocional-noviembre-2021","status":"publish","type":"post","link":"https:\/\/www.rubendario.cl\/sitio\/talleres-de-educacion-socioemocional-noviembre-2021\/","title":{"rendered":"Talleres de Educaci\u00f3n Socioemocional Noviembre 2021"},"content":{"rendered":"<p><img loading=\"lazy\" decoding=\"async\" class=\"aligncenter size-full wp-image-20275\" src=\"https:\/\/www.rubendario.cl\/sitio\/wp-content\/uploads\/2021\/11\/banner-taller-socioemo-nov-.png\" alt=\"\" width=\"660\" height=\"351\" srcset=\"https:\/\/www.rubendario.cl\/sitio\/wp-content\/uploads\/2021\/11\/banner-taller-socioemo-nov-.png 660w, https:\/\/www.rubendario.cl\/sitio\/wp-content\/uploads\/2021\/11\/banner-taller-socioemo-nov--300x160.png 300w, https:\/\/www.rubendario.cl\/sitio\/wp-content\/uploads\/2021\/11\/banner-taller-socioemo-nov--460x245.png 460w, https:\/\/www.rubendario.cl\/sitio\/wp-content\/uploads\/2021\/11\/banner-taller-socioemo-nov--310x165.png 310w\" sizes=\"auto, (max-width: 660px) 100vw, 660px\" \/><\/p>\n<p>Estimada Comunidad Ruberiana: Les saludo afectuosamente para informar de nuestro \u00faltimo ciclo de <strong>Talleres de Educaci\u00f3n Socioemocional dirigido a los niveles de Ense\u00f1anza preb\u00e1sica; 4\u00ba b\u00e1sico; 8\u00ba<\/strong><br \/>\n<strong> b\u00e1sico y 1\u00ba y 2\u00ba medio.<\/strong><\/p>\n<p>En esta oportunidad los niveles de ense\u00f1anza prebasica y 8\u00ba b\u00e1sico tendr\u00e1n su taller de manera presencial, en tanto 4\u00ba b\u00e1sico; 1\u00ba y 2\u00ba medio se realizar\u00e1n on line.<\/p>\n<p>Con esta programaci\u00f3n terminamos el ciclo 2021 con la satisfacci\u00f3n de haber atendido a todos los cursos en esta \u00e1rea de su desarrollo emocional, sobre todo en el contexto actual por el que nuestros estudiantes, sus familias y nuestra comunidad estamos atravesando.<\/p>\n<p>A continuaci\u00f3n les presentamos el calendario de talleres.<\/p>\n<p><a href=\"https:\/\/bit.ly\/rd-talleres-emo-nov21\"><img loading=\"lazy\" decoding=\"async\" class=\"aligncenter size-full wp-image-12631\" src=\"https:\/\/www.rubendario.cl\/sitio\/wp-content\/uploads\/2018\/08\/descargar-1.jpg\" alt=\"\" width=\"200\" height=\"85\" \/><\/a><\/p>\n","protected":false},"excerpt":{"rendered":"<p>Estimada Comunidad Ruberiana: Les saludo afectuosamente para informar de nuestro \u00faltimo ciclo de Talleres de Educaci\u00f3n Socioemocional dirigido a los niveles de Ense\u00f1anza preb\u00e1sica; 4\u00ba b\u00e1sico; 8\u00ba b\u00e1sico y 1\u00ba y 2\u00ba medio. En esta oportunidad los niveles de ense\u00f1anza prebasica y 8\u00ba b\u00e1sico tendr\u00e1n su taller de manera presencial, en tanto 4\u00ba b\u00e1sico; 1\u00ba &hellip;<\/p>\n","protected":false},"author":1,"featured_media":20275,"comment_status":"closed","ping_status":"open","sticky":false,"template":"","format":"standard","meta":{"footnotes":""},"categories":[178,31,104,54,186,72],"tags":[],"class_list":["post-20274","post","type-post","status-publish","format-standard","has-post-thumbnail","","category-178","category-colegio","category-colegio-en-maipu","category-contenidos","category-notas","category-noticias"],"publishpress_future_action":{"enabled":false,"date":"2026-05-10 11:04:48","action":"change-status","newStatus":"draft","terms":[],"taxonomy":"category","extraData":[]},"publishpress_future_workflow_manual_trigger":{"enabledWorkflows":[]},"_links":{"self":[{"href":"https:\/\/www.rubendario.cl\/sitio\/wp-json\/wp\/v2\/posts\/20274","targetHints":{"allow":["GET"]}}],"collection":[{"href":"https:\/\/www.rubendario.cl\/sitio\/wp-json\/wp\/v2\/posts"}],"about":[{"href":"https:\/\/www.rubendario.cl\/sitio\/wp-json\/wp\/v2\/types\/post"}],"author":[{"embeddable":true,"href":"https:\/\/www.rubendario.cl\/sitio\/wp-json\/wp\/v2\/users\/1"}],"replies":[{"embeddable":true,"href":"https:\/\/www.rubendario.cl\/sitio\/wp-json\/wp\/v2\/comments?post=20274"}],"version-history":[{"count":1,"href":"https:\/\/www.rubendario.cl\/sitio\/wp-json\/wp\/v2\/posts\/20274\/revisions"}],"predecessor-version":[{"id":20277,"href":"https:\/\/www.rubendario.cl\/sitio\/wp-json\/wp\/v2\/posts\/20274\/revisions\/20277"}],"wp:featuredmedia":[{"embeddable":true,"href":"https:\/\/www.rubendario.cl\/sitio\/wp-json\/wp\/v2\/media\/20275"}],"wp:attachment":[{"href":"https:\/\/www.rubendario.cl\/sitio\/wp-json\/wp\/v2\/media?parent=20274"}],"wp:term":[{"taxonomy":"category","embeddable":true,"href":"https:\/\/www.rubendario.cl\/sitio\/wp-json\/wp\/v2\/categories?post=20274"},{"taxonomy":"post_tag","embeddable":true,"href":"https:\/\/www.rubendario.cl\/sitio\/wp-json\/wp\/v2\/tags?post=20274"}],"curies":[{"name":"wp","href":"https:\/\/api.w.org\/{rel}","templated":true}]}}