{"id":22881,"date":"2023-01-09T14:11:25","date_gmt":"2023-01-09T17:11:25","guid":{"rendered":"https:\/\/www.rubendario.cl\/sitio\/?p=22881"},"modified":"2023-01-09T14:26:31","modified_gmt":"2023-01-09T17:26:31","slug":"calendario-de-efemerides-ambientales-2023","status":"publish","type":"post","link":"https:\/\/www.rubendario.cl\/sitio\/calendario-de-efemerides-ambientales-2023\/","title":{"rendered":"Calendario de Efem\u00e9rides Ambientales 2023"},"content":{"rendered":"<p><img loading=\"lazy\" decoding=\"async\" class=\"aligncenter size-full wp-image-22882\" src=\"https:\/\/www.rubendario.cl\/sitio\/wp-content\/uploads\/2023\/01\/bosqiwe.jpg\" alt=\"\" width=\"660\" height=\"351\" srcset=\"https:\/\/www.rubendario.cl\/sitio\/wp-content\/uploads\/2023\/01\/bosqiwe.jpg 660w, https:\/\/www.rubendario.cl\/sitio\/wp-content\/uploads\/2023\/01\/bosqiwe-300x160.jpg 300w, https:\/\/www.rubendario.cl\/sitio\/wp-content\/uploads\/2023\/01\/bosqiwe-460x245.jpg 460w, https:\/\/www.rubendario.cl\/sitio\/wp-content\/uploads\/2023\/01\/bosqiwe-310x165.jpg 310w\" sizes=\"auto, (max-width: 660px) 100vw, 660px\" \/><\/p>\n<p>Querida comunidad, esperando que est\u00e9n bien junto a sus familias, les damos a conocer el Calendario de<br \/>\nEfem\u00e9rides Ambientales de este a\u00f1o 2023. A continuaci\u00f3n, podr\u00e1n visualizar las principales fechas a celebrar durante este a\u00f1o.<\/p>\n<p>Saluda atentamente,<\/p>\n<p>\u00c1rea de Medio Ambiente,<br \/>\n<strong>Colegio Poeta Rub\u00e9n Dar\u00edo<\/strong><\/p>\n<p style=\"text-align: center;\"><strong>Calendario<\/strong><\/p>\n<p><a href=\"https:\/\/www.rubendario.cl\/sitio\/wp-content\/uploads\/2023\/01\/calendario-efem\u00e9rides-ambientales.pdf\"><img loading=\"lazy\" decoding=\"async\" class=\"aligncenter size-full wp-image-12631\" src=\"https:\/\/www.rubendario.cl\/sitio\/wp-content\/uploads\/2018\/08\/descargar-1.jpg\" alt=\"\" width=\"200\" height=\"85\" \/><\/a><\/p>\n","protected":false},"excerpt":{"rendered":"<p>Querida comunidad, esperando que est\u00e9n bien junto a sus familias, les damos a conocer el Calendario de Efem\u00e9rides Ambientales de este a\u00f1o 2023. A continuaci\u00f3n, podr\u00e1n visualizar las principales fechas a celebrar durante este a\u00f1o. Saluda atentamente, \u00c1rea de Medio Ambiente, Colegio Poeta Rub\u00e9n Dar\u00edo Calendario<\/p>\n","protected":false},"author":1,"featured_media":22882,"comment_status":"closed","ping_status":"open","sticky":false,"template":"","format":"standard","meta":{"footnotes":""},"categories":[179,195,31,104,54,182,176,186,72],"tags":[],"class_list":["post-22881","post","type-post","status-publish","format-standard","has-post-thumbnail","","category-179","category-195","category-colegio","category-colegio-en-maipu","category-contenidos","category-efemerides","category-medioambiente","category-notas","category-noticias"],"publishpress_future_action":{"enabled":false,"date":"2026-05-10 12:53:42","action":"change-status","newStatus":"draft","terms":[],"taxonomy":"category","extraData":[]},"publishpress_future_workflow_manual_trigger":{"enabledWorkflows":[]},"_links":{"self":[{"href":"https:\/\/www.rubendario.cl\/sitio\/wp-json\/wp\/v2\/posts\/22881","targetHints":{"allow":["GET"]}}],"collection":[{"href":"https:\/\/www.rubendario.cl\/sitio\/wp-json\/wp\/v2\/posts"}],"about":[{"href":"https:\/\/www.rubendario.cl\/sitio\/wp-json\/wp\/v2\/types\/post"}],"author":[{"embeddable":true,"href":"https:\/\/www.rubendario.cl\/sitio\/wp-json\/wp\/v2\/users\/1"}],"replies":[{"embeddable":true,"href":"https:\/\/www.rubendario.cl\/sitio\/wp-json\/wp\/v2\/comments?post=22881"}],"version-history":[{"count":4,"href":"https:\/\/www.rubendario.cl\/sitio\/wp-json\/wp\/v2\/posts\/22881\/revisions"}],"predecessor-version":[{"id":22887,"href":"https:\/\/www.rubendario.cl\/sitio\/wp-json\/wp\/v2\/posts\/22881\/revisions\/22887"}],"wp:featuredmedia":[{"embeddable":true,"href":"https:\/\/www.rubendario.cl\/sitio\/wp-json\/wp\/v2\/media\/22882"}],"wp:attachment":[{"href":"https:\/\/www.rubendario.cl\/sitio\/wp-json\/wp\/v2\/media?parent=22881"}],"wp:term":[{"taxonomy":"category","embeddable":true,"href":"https:\/\/www.rubendario.cl\/sitio\/wp-json\/wp\/v2\/categories?post=22881"},{"taxonomy":"post_tag","embeddable":true,"href":"https:\/\/www.rubendario.cl\/sitio\/wp-json\/wp\/v2\/tags?post=22881"}],"curies":[{"name":"wp","href":"https:\/\/api.w.org\/{rel}","templated":true}]}}