{"id":22889,"date":"2023-01-26T05:00:58","date_gmt":"2023-01-26T08:00:58","guid":{"rendered":"https:\/\/www.rubendario.cl\/sitio\/?p=22889"},"modified":"2023-01-26T16:35:55","modified_gmt":"2023-01-26T19:35:55","slug":"dia-mundial-de-la-educacion-ambiental-2023","status":"publish","type":"post","link":"https:\/\/www.rubendario.cl\/sitio\/dia-mundial-de-la-educacion-ambiental-2023\/","title":{"rendered":"D\u00eda Mundial de la Educaci\u00f3n Ambiental"},"content":{"rendered":"<p><img loading=\"lazy\" decoding=\"async\" class=\"aligncenter size-full wp-image-22890\" src=\"https:\/\/www.rubendario.cl\/sitio\/wp-content\/uploads\/2023\/01\/26ENE2023.jpg\" alt=\"\" width=\"660\" height=\"330\" srcset=\"https:\/\/www.rubendario.cl\/sitio\/wp-content\/uploads\/2023\/01\/26ENE2023.jpg 660w, https:\/\/www.rubendario.cl\/sitio\/wp-content\/uploads\/2023\/01\/26ENE2023-300x150.jpg 300w, https:\/\/www.rubendario.cl\/sitio\/wp-content\/uploads\/2023\/01\/26ENE2023-460x230.jpg 460w\" sizes=\"auto, (max-width: 660px) 100vw, 660px\" \/><\/p>\n<p>Hoy 26 de enero se celebra a nivel mundial el \u201c<strong>D\u00eda Mundial de la Educaci\u00f3n Ambiental<\/strong>\u201d. Se instaur\u00f3 por primera vez tras la Declaraci\u00f3n de Estocolmo en la Conferencia sobre el Medioambiente Humano, organizada por la Organizaci\u00f3n de las Naciones Unidas (ONU) y tres a\u00f1os m\u00e1s tarde se firm\u00f3 la\u00a0Carta de Belgrado, un acuerdo entre pa\u00edses, en donde se destac\u00f3 la importancia de la\u00a0educaci\u00f3n ambiental, entre otros temas.<\/p>\n<p>Entre los principales objetivos de este d\u00eda y de su celebraci\u00f3n como efem\u00e9ride ambiental se encuentran:<\/p>\n<ul>\n<li>Tomar conciencia y sensibilidad respecto a los problemas medioambientales del entorno socio-natural de las personas, y as\u00ed poder, buscar, proteger y brindar soluciones a estos.<\/li>\n<li>Educar a la sociedad respecto a qu\u00e9 es el medio ambiente, su importancia y el delicado equilibrio que existe entre ser humano y medio natural.<\/li>\n<li>Promover valores medioambientales.Ayudar a la comunidad y a diferentes organizaciones o grupos de personas a desarrollar habilidades necesarias para buscar soluciones a los problemas del entorno socio-natural en el que habitan.<\/li>\n<li>Conocer informaci\u00f3n y manejar datos asociados al tema medioambiental, y ense\u00f1ar a las personas a evaluar la evoluci\u00f3n del proceso.<\/li>\n<li>Incentivar la participaci\u00f3n de las personas en la b\u00fasqueda de soluciones a los problemas del medio ambiente y el rol en la sociedad para exigir a los gobiernos en diferentes escalas geogr\u00e1ficas y administrativas la toma de medidas enfocadas en resolver problemas del entorno socio-natural.<\/li>\n<\/ul>\n<p><strong>\u00bfCu\u00e1l es el rol del Colegio?<\/strong><\/p>\n<p>A nivel Colegio, como parte del Proyecto Educativo Institucional (PEI), donde se establece como sello institucional el compromiso, valorizaci\u00f3n y cuidado del medio ambiente; y tambi\u00e9n, el Plan Anual de Gesti\u00f3n, Formaci\u00f3n y Convivencia Escolar, que establece la responsabilidad con el entorno socio-natural, incentivando la creaci\u00f3n de espacios de discusi\u00f3n y acciones concretas de participaci\u00f3n en instancias que sean un aporte a la comprensi\u00f3n y protecci\u00f3n del medio ambiente, es que, para este a\u00f1o se plantean tres ejes a desarrollar en educaci\u00f3n ambiental:<\/p>\n<ul>\n<li><strong>Generar y difundir conocimiento ambiental:<\/strong> Se busca generar y difundir conocimiento ambiental en la comunidad educativa.<\/li>\n<li><strong>Vincular a la comunidad educativa en torno a iniciativas ambientales:<\/strong> Se busca poder vincular a los diferentes actores de la comunidad en torno a iniciativas ambientales.<\/li>\n<li><strong>Fomentar pr\u00e1cticas y h\u00e1bitos sustentables<\/strong>: Se busca fomentar pr\u00e1cticas y h\u00e1bitos sustentables en la comunidad, donde el Colegio act\u00fae como articulador de ello, creando espacios con infraestructura sustentable.<\/li>\n<\/ul>\n<p>&nbsp;<\/p>\n<p>Saluda atentamente,<\/p>\n<p>\u00c1rea de Medio Ambiente<br \/>\nColegio Poeta Rub\u00e9n Dar\u00edo<\/p>\n<p>&nbsp;<\/p>\n","protected":false},"excerpt":{"rendered":"<p>Hoy 26 de enero se celebra a nivel mundial el \u201cD\u00eda Mundial de la Educaci\u00f3n Ambiental\u201d. Se instaur\u00f3 por primera vez tras la Declaraci\u00f3n de Estocolmo en la Conferencia sobre el Medioambiente Humano, organizada por la Organizaci\u00f3n de las Naciones Unidas (ONU) y tres a\u00f1os m\u00e1s tarde se firm\u00f3 la\u00a0Carta de Belgrado, un acuerdo entre &hellip;<\/p>\n","protected":false},"author":1,"featured_media":22890,"comment_status":"closed","ping_status":"open","sticky":false,"template":"","format":"standard","meta":{"footnotes":""},"categories":[179,195,31,104,54,182,176,186,72],"tags":[],"class_list":["post-22889","post","type-post","status-publish","format-standard","has-post-thumbnail","","category-179","category-195","category-colegio","category-colegio-en-maipu","category-contenidos","category-efemerides","category-medioambiente","category-notas","category-noticias"],"publishpress_future_action":{"enabled":false,"date":"2026-05-09 08:49:54","action":"change-status","newStatus":"draft","terms":[],"taxonomy":"category","extraData":[]},"publishpress_future_workflow_manual_trigger":{"enabledWorkflows":[]},"_links":{"self":[{"href":"https:\/\/www.rubendario.cl\/sitio\/wp-json\/wp\/v2\/posts\/22889","targetHints":{"allow":["GET"]}}],"collection":[{"href":"https:\/\/www.rubendario.cl\/sitio\/wp-json\/wp\/v2\/posts"}],"about":[{"href":"https:\/\/www.rubendario.cl\/sitio\/wp-json\/wp\/v2\/types\/post"}],"author":[{"embeddable":true,"href":"https:\/\/www.rubendario.cl\/sitio\/wp-json\/wp\/v2\/users\/1"}],"replies":[{"embeddable":true,"href":"https:\/\/www.rubendario.cl\/sitio\/wp-json\/wp\/v2\/comments?post=22889"}],"version-history":[{"count":1,"href":"https:\/\/www.rubendario.cl\/sitio\/wp-json\/wp\/v2\/posts\/22889\/revisions"}],"predecessor-version":[{"id":22891,"href":"https:\/\/www.rubendario.cl\/sitio\/wp-json\/wp\/v2\/posts\/22889\/revisions\/22891"}],"wp:featuredmedia":[{"embeddable":true,"href":"https:\/\/www.rubendario.cl\/sitio\/wp-json\/wp\/v2\/media\/22890"}],"wp:attachment":[{"href":"https:\/\/www.rubendario.cl\/sitio\/wp-json\/wp\/v2\/media?parent=22889"}],"wp:term":[{"taxonomy":"category","embeddable":true,"href":"https:\/\/www.rubendario.cl\/sitio\/wp-json\/wp\/v2\/categories?post=22889"},{"taxonomy":"post_tag","embeddable":true,"href":"https:\/\/www.rubendario.cl\/sitio\/wp-json\/wp\/v2\/tags?post=22889"}],"curies":[{"name":"wp","href":"https:\/\/api.w.org\/{rel}","templated":true}]}}