{"id":24160,"date":"2023-11-14T14:06:01","date_gmt":"2023-11-14T17:06:01","guid":{"rendered":"https:\/\/www.rubendario.cl\/sitio\/?p=24160"},"modified":"2023-11-14T14:06:01","modified_gmt":"2023-11-14T17:06:01","slug":"tercer-lugar-taller-de-bandas","status":"publish","type":"post","link":"https:\/\/www.rubendario.cl\/sitio\/tercer-lugar-taller-de-bandas\/","title":{"rendered":"Tercer Lugar Taller de Bandas"},"content":{"rendered":"<p><img loading=\"lazy\" decoding=\"async\" class=\"aligncenter size-full wp-image-24165\" src=\"https:\/\/www.rubendario.cl\/sitio\/wp-content\/uploads\/2023\/11\/banner-bandas.jpg\" alt=\"\" width=\"660\" height=\"330\" srcset=\"https:\/\/www.rubendario.cl\/sitio\/wp-content\/uploads\/2023\/11\/banner-bandas.jpg 660w, https:\/\/www.rubendario.cl\/sitio\/wp-content\/uploads\/2023\/11\/banner-bandas-300x150.jpg 300w, https:\/\/www.rubendario.cl\/sitio\/wp-content\/uploads\/2023\/11\/banner-bandas-460x230.jpg 460w\" sizes=\"auto, (max-width: 660px) 100vw, 660px\" \/><\/p>\n<p>El pasado 10 de noviembre nuestro colegio fu\u00e9 invitado a participar del primer Festival de Bandas de Colegio, organizado por el Colegio Compa\u00f1\u00eda de Mar\u00eda de Providencia.<\/p>\n<p>A \u00e9ste asistieron las bandas \u00ab<strong>Los Pernos<\/strong>\u00bb conformada por: Vicente Riquelme, Felipe Melo, Mart\u00edn Pi\u00f1a de 3\u00b0 Medio A y Vicente Mart\u00ednez y Agust\u00edn Urz\u00faa de 3\u00b0 medio B y la banda \u00ab<strong>MaxiPaw<\/strong>\u00bb conformada por: Paz R\u00edos de 8\u00b0 b\u00e1sico B, Francisca Avenda\u00f1o de 1\u00b0 Medio A, Melanie Fern\u00e1ndez y Javiera Obreg\u00f3n de 1\u00b0 Medio B. Vicente Urz\u00faa de 2\u00b0 Medio A y Vicente luengo de 3\u00b0 Medio B, junto a nuestro profesor de m\u00fasica, el se\u00f1or Luis Romero.<\/p>\n<p>En dicha oportunidad la banda Los Pernos obtuvo el 3\u00b0 lugar y Paz R\u00edos el premio a la mejor int\u00e9rprete.<br \/>\nFelicitaciones a nuestros estudiantes y a seguir apoyando su inter\u00e9s por la m\u00fasica.<\/p>\n<p>Compartimos estas fotitos de tan lindo momento.<\/p>\n<style type=\"text\/css\">\n#foogallery-gallery-24161.fg-justified .fg-item { margin-right: 1px; margin-bottom: 1px; }\n#foogallery-gallery-24161.fg-justified .fg-image { height: 150px; }<\/style>\n\t\t\t<div class=\"foogallery foogallery-container foogallery-justified foogallery-lightbox-foobox fg-justified fg-ready fg-light fg-border-thin fg-shadow-outline fg-loading-default fg-loaded-fade-in fg-caption-hover fg-hover-fade fg-hover-zoom\" id=\"foogallery-gallery-24161\" data-foogallery=\"{&quot;item&quot;:{&quot;showCaptionTitle&quot;:true,&quot;showCaptionDescription&quot;:true},&quot;lazy&quot;:true,&quot;template&quot;:{&quot;rowHeight&quot;:150,&quot;maxRowHeight&quot;:300,&quot;margins&quot;:1,&quot;align&quot;:&quot;center&quot;,&quot;lastRow&quot;:&quot;smart&quot;}}\" style=\"--fg-title-line-clamp: 0; --fg-description-line-clamp: 0;\" >\n\t<div class=\"fg-item fg-type-image fg-idle\"><figure class=\"fg-item-inner\"><a href=\"https:\/\/www.rubendario.cl\/sitio\/wp-content\/uploads\/2023\/11\/f001.jpg\" data-attachment-id=\"24162\" data-type=\"image\" class=\"fg-thumb\"><span class=\"fg-image-wrap\"><img fetchpriority=\"high\" decoding=\"async\" height=\"300\" width=\"400\" class=\"skip-lazy fg-image\" data-src-fg=\"https:\/\/www.rubendario.cl\/sitio\/wp-content\/uploads\/cache\/2023\/11\/f001\/3137600883.jpg\" src=\"data:image\/svg+xml,%3Csvg%20xmlns%3D%22http%3A%2F%2Fwww.w3.org%2F2000%2Fsvg%22%20width%3D%22400%22%20height%3D%22300%22%20viewBox%3D%220%200%20400%20300%22%3E%3C%2Fsvg%3E\" loading=\"eager\"><\/span><span class=\"fg-image-overlay\"><\/span><\/a><\/figure><div class=\"fg-loader\"><\/div><\/div><div class=\"fg-item fg-type-image fg-idle\"><figure class=\"fg-item-inner\"><a href=\"https:\/\/www.rubendario.cl\/sitio\/wp-content\/uploads\/2023\/11\/f002.jpg\" data-attachment-id=\"24163\" data-type=\"image\" class=\"fg-thumb\"><span class=\"fg-image-wrap\"><img decoding=\"async\" height=\"300\" width=\"400\" class=\"skip-lazy fg-image\" data-src-fg=\"https:\/\/www.rubendario.cl\/sitio\/wp-content\/uploads\/cache\/2023\/11\/f002\/2689274368.jpg\" src=\"data:image\/svg+xml,%3Csvg%20xmlns%3D%22http%3A%2F%2Fwww.w3.org%2F2000%2Fsvg%22%20width%3D%22400%22%20height%3D%22300%22%20viewBox%3D%220%200%20400%20300%22%3E%3C%2Fsvg%3E\" loading=\"eager\"><\/span><span class=\"fg-image-overlay\"><\/span><\/a><\/figure><div class=\"fg-loader\"><\/div><\/div><div class=\"fg-item fg-type-image fg-idle\"><figure class=\"fg-item-inner\"><a href=\"https:\/\/www.rubendario.cl\/sitio\/wp-content\/uploads\/2023\/11\/f003.jpg\" data-attachment-id=\"24164\" data-type=\"image\" class=\"fg-thumb\"><span class=\"fg-image-wrap\"><img decoding=\"async\" height=\"300\" width=\"400\" class=\"skip-lazy fg-image\" data-src-fg=\"https:\/\/www.rubendario.cl\/sitio\/wp-content\/uploads\/cache\/2023\/11\/f003\/861177324.jpg\" src=\"data:image\/svg+xml,%3Csvg%20xmlns%3D%22http%3A%2F%2Fwww.w3.org%2F2000%2Fsvg%22%20width%3D%22400%22%20height%3D%22300%22%20viewBox%3D%220%200%20400%20300%22%3E%3C%2Fsvg%3E\" loading=\"eager\"><\/span><span class=\"fg-image-overlay\"><\/span><\/a><\/figure><div class=\"fg-loader\"><\/div><\/div><\/div>\n\n","protected":false},"excerpt":{"rendered":"<p>El pasado 10 de noviembre nuestro colegio fu\u00e9 invitado a participar del primer Festival de Bandas de Colegio, organizado por el Colegio Compa\u00f1\u00eda de Mar\u00eda de Providencia. A \u00e9ste asistieron las bandas \u00abLos Pernos\u00bb conformada por: Vicente Riquelme, Felipe Melo, Mart\u00edn Pi\u00f1a de 3\u00b0 Medio A y Vicente Mart\u00ednez y Agust\u00edn Urz\u00faa de 3\u00b0 medio &hellip;<\/p>\n","protected":false},"author":1,"featured_media":24165,"comment_status":"closed","ping_status":"open","sticky":false,"template":"","format":"standard","meta":{"footnotes":""},"categories":[195,31,104,54,32,186,72],"tags":[],"class_list":["post-24160","post","type-post","status-publish","format-standard","has-post-thumbnail","","category-195","category-colegio","category-colegio-en-maipu","category-contenidos","category-galeria","category-notas","category-noticias"],"publishpress_future_action":{"enabled":false,"date":"2026-05-09 08:45:55","action":"change-status","newStatus":"draft","terms":[],"taxonomy":"category","extraData":[]},"publishpress_future_workflow_manual_trigger":{"enabledWorkflows":[]},"_links":{"self":[{"href":"https:\/\/www.rubendario.cl\/sitio\/wp-json\/wp\/v2\/posts\/24160","targetHints":{"allow":["GET"]}}],"collection":[{"href":"https:\/\/www.rubendario.cl\/sitio\/wp-json\/wp\/v2\/posts"}],"about":[{"href":"https:\/\/www.rubendario.cl\/sitio\/wp-json\/wp\/v2\/types\/post"}],"author":[{"embeddable":true,"href":"https:\/\/www.rubendario.cl\/sitio\/wp-json\/wp\/v2\/users\/1"}],"replies":[{"embeddable":true,"href":"https:\/\/www.rubendario.cl\/sitio\/wp-json\/wp\/v2\/comments?post=24160"}],"version-history":[{"count":1,"href":"https:\/\/www.rubendario.cl\/sitio\/wp-json\/wp\/v2\/posts\/24160\/revisions"}],"predecessor-version":[{"id":24166,"href":"https:\/\/www.rubendario.cl\/sitio\/wp-json\/wp\/v2\/posts\/24160\/revisions\/24166"}],"wp:featuredmedia":[{"embeddable":true,"href":"https:\/\/www.rubendario.cl\/sitio\/wp-json\/wp\/v2\/media\/24165"}],"wp:attachment":[{"href":"https:\/\/www.rubendario.cl\/sitio\/wp-json\/wp\/v2\/media?parent=24160"}],"wp:term":[{"taxonomy":"category","embeddable":true,"href":"https:\/\/www.rubendario.cl\/sitio\/wp-json\/wp\/v2\/categories?post=24160"},{"taxonomy":"post_tag","embeddable":true,"href":"https:\/\/www.rubendario.cl\/sitio\/wp-json\/wp\/v2\/tags?post=24160"}],"curies":[{"name":"wp","href":"https:\/\/api.w.org\/{rel}","templated":true}]}}