{"id":24425,"date":"2024-02-19T06:30:18","date_gmt":"2024-02-19T09:30:18","guid":{"rendered":"https:\/\/www.rubendario.cl\/sitio\/?p=24425"},"modified":"2024-02-18T12:06:13","modified_gmt":"2024-02-18T15:06:13","slug":"dia-mundial-de-las-ballenas-2024","status":"publish","type":"post","link":"https:\/\/www.rubendario.cl\/sitio\/dia-mundial-de-las-ballenas-2024\/","title":{"rendered":"D\u00eda mundial de las Ballenas"},"content":{"rendered":"<p><img loading=\"lazy\" decoding=\"async\" class=\"aligncenter size-full wp-image-24426\" src=\"https:\/\/www.rubendario.cl\/sitio\/wp-content\/uploads\/2024\/02\/ballena.png\" alt=\"\" width=\"660\" height=\"330\" srcset=\"https:\/\/www.rubendario.cl\/sitio\/wp-content\/uploads\/2024\/02\/ballena.png 660w, https:\/\/www.rubendario.cl\/sitio\/wp-content\/uploads\/2024\/02\/ballena-300x150.png 300w, https:\/\/www.rubendario.cl\/sitio\/wp-content\/uploads\/2024\/02\/ballena-460x230.png 460w\" sizes=\"auto, (max-width: 660px) 100vw, 660px\" \/><\/p>\n<p>Hoy 19 de febrero se celebra el <strong>D\u00eda Mundial de las Ballenas<\/strong>. En 1986, la Comisi\u00f3n Ballenera Internacional prohibi\u00f3 la pesca industrial de estos cet\u00e1ceos a escala global, debido a la caza indiscriminada, y extinci\u00f3n de algunas especies.\u00a0En Chile, en el a\u00f1o 2008\u00a0se estableci\u00f3 una\u00a0prohibici\u00f3n permanente de captura de todas las especies de cet\u00e1ceos\u00a0en aguas jurisdiccionales del pa\u00eds, se declar\u00f3\u00a0monumento natural a todos los cet\u00e1ceos en Chile, y la\u00a0<span style=\"text-decoration: underline;\">Ley de Protecci\u00f3n a los Cet\u00e1ceos<\/span>\u00a0(Ley No 20.293) declar\u00f3 las aguas bajo jurisdicci\u00f3n nacional como\u00a0zona libre de caza de cet\u00e1ceos. Ya en el a\u00f1o 2011, se promulg\u00f3 el reglamento general de observaci\u00f3n de mam\u00edferos, reptiles y aves hidrobiol\u00f3gicas y del registro de avistamiento de cet\u00e1ceos (Decreto Supremo N\u00b0 38), en el cual se hace hincapi\u00e9 a la\u00a0velocidad y direcci\u00f3n de acercamiento de las embarcaciones a los cet\u00e1ceos, el\u00a0cuidado y conocimiento del comportamiento de los animales, en especial si existen cr\u00edas y la responsabilidad de los gu\u00edas, patrones y turistas en la observaci\u00f3n y registro.<\/p>\n<p>Adem\u00e1s, hace unas semanas, se realiz\u00f3 el primer contacto entre seres humanos y ballenas, espec\u00edficamente se estableci\u00f3 una conversaci\u00f3n con una ballena jorobada durante 20 minutos. Un conjunto de expertos de la\u00a0Universidad de California Davis, de la Fundaci\u00f3n Ballenas de Alaska e investigadores del Instituto SETI, quienes lograron este importante avance, mientras desarrollaban investigaciones en torno a los sistemas de comunicaci\u00f3n de las ballenas jorobadas.<\/p>\n<p>Seg\u00fan inform\u00f3 SETI, se emiti\u00f3 una se\u00f1al de salud a una ballena jorobada pregrabada por medio de un altavoz submarino, recibiendo una respuesta, puesto que el animal adem\u00e1s se acerc\u00f3 al barco en donde estaban los expertos. De acuerdo con el instituto,\u00a0la comunicaci\u00f3n tuvo una duraci\u00f3n de 20 minutos, en donde el cet\u00e1ceo respondi\u00f3 a todos los llamados emitidos.<br \/>\nPara mayor detalle, te invitamos a visitar el siguiente enlace:<\/p>\n<p><a href=\"https:\/\/www.dw.com\/es\/primera-conversaci%C3%B3n-del-mundo-entre-humanos-y-ballenas-que-podr%C3%ADa-ayudar-a-hablar-con-aliens-alg%C3%BAn-d%C3%ADa\/a-67758905\" target=\"_blank\" rel=\"noopener noreferrer\"><img loading=\"lazy\" decoding=\"async\" class=\"aligncenter wp-image-18184 size-full\" src=\"https:\/\/www.rubendario.cl\/sitio\/wp-content\/uploads\/2020\/07\/boton-aqui.png\" alt=\"\" width=\"159\" height=\"50\" \/><\/a><\/p>\n<p>Saluda atentamente,<\/p>\n<p>\u00c1rea de Medio Ambiente<br \/>\nColegio Poeta Rub\u00e9n Dar\u00edo<\/p>\n","protected":false},"excerpt":{"rendered":"<p>Hoy 19 de febrero se celebra el D\u00eda Mundial de las Ballenas. En 1986, la Comisi\u00f3n Ballenera Internacional prohibi\u00f3 la pesca industrial de estos cet\u00e1ceos a escala global, debido a la caza indiscriminada, y extinci\u00f3n de algunas especies.\u00a0En Chile, en el a\u00f1o 2008\u00a0se estableci\u00f3 una\u00a0prohibici\u00f3n permanente de captura de todas las especies de cet\u00e1ceos\u00a0en aguas &hellip;<\/p>\n","protected":false},"author":1,"featured_media":24426,"comment_status":"closed","ping_status":"open","sticky":false,"template":"","format":"standard","meta":{"footnotes":""},"categories":[198,31,104,54,182,176,186,72],"tags":[],"class_list":["post-24425","post","type-post","status-publish","format-standard","has-post-thumbnail","","category-198","category-colegio","category-colegio-en-maipu","category-contenidos","category-efemerides","category-medioambiente","category-notas","category-noticias"],"publishpress_future_action":{"enabled":false,"date":"2026-05-10 11:14:41","action":"change-status","newStatus":"draft","terms":[],"taxonomy":"category","extraData":[]},"publishpress_future_workflow_manual_trigger":{"enabledWorkflows":[]},"_links":{"self":[{"href":"https:\/\/www.rubendario.cl\/sitio\/wp-json\/wp\/v2\/posts\/24425","targetHints":{"allow":["GET"]}}],"collection":[{"href":"https:\/\/www.rubendario.cl\/sitio\/wp-json\/wp\/v2\/posts"}],"about":[{"href":"https:\/\/www.rubendario.cl\/sitio\/wp-json\/wp\/v2\/types\/post"}],"author":[{"embeddable":true,"href":"https:\/\/www.rubendario.cl\/sitio\/wp-json\/wp\/v2\/users\/1"}],"replies":[{"embeddable":true,"href":"https:\/\/www.rubendario.cl\/sitio\/wp-json\/wp\/v2\/comments?post=24425"}],"version-history":[{"count":1,"href":"https:\/\/www.rubendario.cl\/sitio\/wp-json\/wp\/v2\/posts\/24425\/revisions"}],"predecessor-version":[{"id":24427,"href":"https:\/\/www.rubendario.cl\/sitio\/wp-json\/wp\/v2\/posts\/24425\/revisions\/24427"}],"wp:featuredmedia":[{"embeddable":true,"href":"https:\/\/www.rubendario.cl\/sitio\/wp-json\/wp\/v2\/media\/24426"}],"wp:attachment":[{"href":"https:\/\/www.rubendario.cl\/sitio\/wp-json\/wp\/v2\/media?parent=24425"}],"wp:term":[{"taxonomy":"category","embeddable":true,"href":"https:\/\/www.rubendario.cl\/sitio\/wp-json\/wp\/v2\/categories?post=24425"},{"taxonomy":"post_tag","embeddable":true,"href":"https:\/\/www.rubendario.cl\/sitio\/wp-json\/wp\/v2\/tags?post=24425"}],"curies":[{"name":"wp","href":"https:\/\/api.w.org\/{rel}","templated":true}]}}