{"id":24431,"date":"2024-03-03T05:00:59","date_gmt":"2024-03-03T08:00:59","guid":{"rendered":"https:\/\/www.rubendario.cl\/sitio\/?p=24431"},"modified":"2024-02-19T09:16:45","modified_gmt":"2024-02-19T12:16:45","slug":"dia-mundial-de-la-naturaleza-2024","status":"publish","type":"post","link":"https:\/\/www.rubendario.cl\/sitio\/dia-mundial-de-la-naturaleza-2024\/","title":{"rendered":"D\u00eda Mundial de la Naturaleza"},"content":{"rendered":"<p><img loading=\"lazy\" decoding=\"async\" class=\"aligncenter size-full wp-image-24432\" src=\"https:\/\/www.rubendario.cl\/sitio\/wp-content\/uploads\/2024\/02\/naturaleza.png\" alt=\"\" width=\"660\" height=\"330\" srcset=\"https:\/\/www.rubendario.cl\/sitio\/wp-content\/uploads\/2024\/02\/naturaleza.png 660w, https:\/\/www.rubendario.cl\/sitio\/wp-content\/uploads\/2024\/02\/naturaleza-300x150.png 300w, https:\/\/www.rubendario.cl\/sitio\/wp-content\/uploads\/2024\/02\/naturaleza-460x230.png 460w\" sizes=\"auto, (max-width: 660px) 100vw, 660px\" \/><\/p>\n<p>Cada 3 de marzo se celebra a nivel global el <strong>D\u00eda Mundial de la Naturaleza<\/strong>, fecha que instaur\u00f3 la Organizaci\u00f3n de las Naciones Unidas ONU para poner en valor la flora y fauna silvestre de nuestro planeta, y hacer un llamado a la necesidad de conservarla.<\/p>\n<p>El 3 de marzo de 1975 se aprob\u00f3 la Convenci\u00f3n sobre el Comercio Internacional de Especies Amenazadas de Fauna y Flora Silvestres, y desde aquel d\u00eda, cada a\u00f1o se celebra esta efem\u00e9ride.\u00a0, y desde aquel d\u00eda, cada a\u00f1o se celebra esta efem\u00e9ride. Conceptos como medio ambiente, entorno, biodiversidad, sustentabilidad, h\u00e1bitat, cambio clim\u00e1tico, entre otros que han surgido en los \u00faltimos a\u00f1os, han adquirido gran importancia y atenci\u00f3n en la discusi\u00f3n p\u00fablica y en nuestro diario vivir, pero que, en definitiva, hacen alusi\u00f3n a la relaci\u00f3n entre el ser humano con la Tierra, y la responsabilidad que tenemos con el espacio que todos y todas habitamos.<\/p>\n<p><strong>\u00bfC\u00f3mo puedes ayudar a proteger la naturaleza?<\/strong><\/p>\n<ul>\n<li>Cultiva tus propios alimentos<\/li>\n<li>Planta \u00e1rboles<\/li>\n<li>Ahorra agua<\/li>\n<li>Separar la basura<\/li>\n<li>Reutilizar todo lo que puedas<\/li>\n<li>Conecta con la naturaleza<\/li>\n<li>Desconecta el cargador del celular cuando no lo est\u00e9s utilizando<\/li>\n<\/ul>\n<p>&nbsp;<\/p>\n<p>\u00c1rea de Medio Ambiente<br \/>\nColegio Poeta Rub\u00e9n Dar\u00edo<\/p>\n","protected":false},"excerpt":{"rendered":"<p>Cada 3 de marzo se celebra a nivel global el D\u00eda Mundial de la Naturaleza, fecha que instaur\u00f3 la Organizaci\u00f3n de las Naciones Unidas ONU para poner en valor la flora y fauna silvestre de nuestro planeta, y hacer un llamado a la necesidad de conservarla. El 3 de marzo de 1975 se aprob\u00f3 la &hellip;<\/p>\n","protected":false},"author":1,"featured_media":24432,"comment_status":"closed","ping_status":"open","sticky":false,"template":"","format":"standard","meta":{"footnotes":""},"categories":[198,31,104,54,182,176],"tags":[],"class_list":["post-24431","post","type-post","status-publish","format-standard","has-post-thumbnail","","category-198","category-colegio","category-colegio-en-maipu","category-contenidos","category-efemerides","category-medioambiente"],"publishpress_future_action":{"enabled":false,"date":"2026-05-10 11:14:40","action":"change-status","newStatus":"draft","terms":[],"taxonomy":"category","extraData":[]},"publishpress_future_workflow_manual_trigger":{"enabledWorkflows":[]},"_links":{"self":[{"href":"https:\/\/www.rubendario.cl\/sitio\/wp-json\/wp\/v2\/posts\/24431","targetHints":{"allow":["GET"]}}],"collection":[{"href":"https:\/\/www.rubendario.cl\/sitio\/wp-json\/wp\/v2\/posts"}],"about":[{"href":"https:\/\/www.rubendario.cl\/sitio\/wp-json\/wp\/v2\/types\/post"}],"author":[{"embeddable":true,"href":"https:\/\/www.rubendario.cl\/sitio\/wp-json\/wp\/v2\/users\/1"}],"replies":[{"embeddable":true,"href":"https:\/\/www.rubendario.cl\/sitio\/wp-json\/wp\/v2\/comments?post=24431"}],"version-history":[{"count":1,"href":"https:\/\/www.rubendario.cl\/sitio\/wp-json\/wp\/v2\/posts\/24431\/revisions"}],"predecessor-version":[{"id":24433,"href":"https:\/\/www.rubendario.cl\/sitio\/wp-json\/wp\/v2\/posts\/24431\/revisions\/24433"}],"wp:featuredmedia":[{"embeddable":true,"href":"https:\/\/www.rubendario.cl\/sitio\/wp-json\/wp\/v2\/media\/24432"}],"wp:attachment":[{"href":"https:\/\/www.rubendario.cl\/sitio\/wp-json\/wp\/v2\/media?parent=24431"}],"wp:term":[{"taxonomy":"category","embeddable":true,"href":"https:\/\/www.rubendario.cl\/sitio\/wp-json\/wp\/v2\/categories?post=24431"},{"taxonomy":"post_tag","embeddable":true,"href":"https:\/\/www.rubendario.cl\/sitio\/wp-json\/wp\/v2\/tags?post=24431"}],"curies":[{"name":"wp","href":"https:\/\/api.w.org\/{rel}","templated":true}]}}