{"id":24435,"date":"2024-03-05T05:00:58","date_gmt":"2024-03-05T08:00:58","guid":{"rendered":"https:\/\/www.rubendario.cl\/sitio\/?p=24435"},"modified":"2024-02-19T09:32:56","modified_gmt":"2024-02-19T12:32:56","slug":"dia-internacional-de-la-eficiencia-energetica","status":"publish","type":"post","link":"https:\/\/www.rubendario.cl\/sitio\/dia-internacional-de-la-eficiencia-energetica\/","title":{"rendered":"D\u00eda Internacional de la Eficiencia Energ\u00e9tica"},"content":{"rendered":"<p><img loading=\"lazy\" decoding=\"async\" class=\"aligncenter size-full wp-image-24436\" src=\"https:\/\/www.rubendario.cl\/sitio\/wp-content\/uploads\/2024\/02\/eficiencia-energetica.jpg\" alt=\"\" width=\"660\" height=\"330\" srcset=\"https:\/\/www.rubendario.cl\/sitio\/wp-content\/uploads\/2024\/02\/eficiencia-energetica.jpg 660w, https:\/\/www.rubendario.cl\/sitio\/wp-content\/uploads\/2024\/02\/eficiencia-energetica-300x150.jpg 300w, https:\/\/www.rubendario.cl\/sitio\/wp-content\/uploads\/2024\/02\/eficiencia-energetica-460x230.jpg 460w\" sizes=\"auto, (max-width: 660px) 100vw, 660px\" \/><\/p>\n<p>Hoy 5 de marzo se celebra a nivel global el <strong>D\u00eda Mundial de la Eficiencia Energ\u00e9tica<\/strong>, cuyo principal objetivo es que podamos reflexionar sobre c\u00f3mo utilizamos la energ\u00eda y de qu\u00e9 manera podemos utilizarla m\u00e1s eficientemente. Este d\u00eda surgi\u00f3 como celebraci\u00f3n y se ha establecido como efem\u00e9ride ambiental a nivel mundial desde el a\u00f1o 1998, cuando se celebr\u00f3 la primera Conferencia Internacional de Eficiencia Energ\u00e9tica en Austria.<\/p>\n<p>La eficiencia energ\u00e9tica contribuye a la protecci\u00f3n del Planeta no solo en el momento actual, sino que tambi\u00e9n, en los pr\u00f3ximos a\u00f1os y d\u00e9cadas, a trav\u00e9s de acciones y procesos que representen una menor emisi\u00f3n de CO2 a la atm\u00f3sfera. Seg\u00fan datos de la Global Footprint Network, en la actualidad se requieren 1,6 planetas Tierra para alcanzar los recursos que son utilizadas a\u00f1o tras a\u00f1o; y se estima que para el a\u00f1o 2030, esta cifra ascienda a 2 planetas Tierra.<\/p>\n<p><strong>\u00bfC\u00f3mo ser m\u00e1s eficiente en el hogar?<\/strong><\/p>\n<ul>\n<li>Apaga el televisor si no lo est\u00e1n viendo. Representa casi el 16,3% del consumo de electricidad de una vivienda.<\/li>\n<li>Usa \u201czapatillas\u201d para apagar todos los artefactos de una vez. Evitas el consumo el modo espera.<\/li>\n<li>Apaga las luces que no est\u00e9s usando. La iluminaci\u00f3n representa un 16,8% del consumo de electricidad en una vivienda.<\/li>\n<li>Instala aireadores de agua en las llaves de ba\u00f1os y cocina. Puedes ahorrar hasta un 50% de agua y energ\u00eda.<\/li>\n<li>Prefiere utilizar iluminaci\u00f3n LED. As\u00ed podr\u00e1s conseguir un ahorro de hasta 90%, con respecto a las ampolletas antiguas.<\/li>\n<li>No uses lavadoras y lavavajilla a media carga. Aprovecha toda su capacidad y \u00fasalos con carga completa.<\/li>\n<li>Aprovecha el sol para el secado de ropa.<\/li>\n<li>El refrigerador es responsable de m\u00e1s del 19,4% del gasto de electricidad en el hogar. Evita las abrir constantemente el refrigerador. Cada vez que lo haces desperdicias energ\u00eda acumulada en su interior. No guardes alimentos calientes, deja primero que se enfr\u00eden en forma natural.<\/li>\n<li>Cocina para m\u00e1s de un plato.<\/li>\n<li>Limpia tus ventanas para obtener mayor luz natural y limpia tus l\u00e1mparas para mejor luz artificial<\/li>\n<\/ul>\n<p>&nbsp;<\/p>\n<p>\u00c1rea de Medio Ambiente<br \/>\nColegio Poeta Rub\u00e9n Dar\u00edo<\/p>\n","protected":false},"excerpt":{"rendered":"<p>Hoy 5 de marzo se celebra a nivel global el D\u00eda Mundial de la Eficiencia Energ\u00e9tica, cuyo principal objetivo es que podamos reflexionar sobre c\u00f3mo utilizamos la energ\u00eda y de qu\u00e9 manera podemos utilizarla m\u00e1s eficientemente. Este d\u00eda surgi\u00f3 como celebraci\u00f3n y se ha establecido como efem\u00e9ride ambiental a nivel mundial desde el a\u00f1o 1998, &hellip;<\/p>\n","protected":false},"author":1,"featured_media":24436,"comment_status":"closed","ping_status":"open","sticky":false,"template":"","format":"standard","meta":{"footnotes":""},"categories":[198,31,104,54,182,176],"tags":[],"class_list":["post-24435","post","type-post","status-publish","format-standard","has-post-thumbnail","","category-198","category-colegio","category-colegio-en-maipu","category-contenidos","category-efemerides","category-medioambiente"],"publishpress_future_action":{"enabled":false,"date":"2026-05-10 11:05:05","action":"change-status","newStatus":"draft","terms":[],"taxonomy":"category","extraData":[]},"publishpress_future_workflow_manual_trigger":{"enabledWorkflows":[]},"_links":{"self":[{"href":"https:\/\/www.rubendario.cl\/sitio\/wp-json\/wp\/v2\/posts\/24435","targetHints":{"allow":["GET"]}}],"collection":[{"href":"https:\/\/www.rubendario.cl\/sitio\/wp-json\/wp\/v2\/posts"}],"about":[{"href":"https:\/\/www.rubendario.cl\/sitio\/wp-json\/wp\/v2\/types\/post"}],"author":[{"embeddable":true,"href":"https:\/\/www.rubendario.cl\/sitio\/wp-json\/wp\/v2\/users\/1"}],"replies":[{"embeddable":true,"href":"https:\/\/www.rubendario.cl\/sitio\/wp-json\/wp\/v2\/comments?post=24435"}],"version-history":[{"count":1,"href":"https:\/\/www.rubendario.cl\/sitio\/wp-json\/wp\/v2\/posts\/24435\/revisions"}],"predecessor-version":[{"id":24437,"href":"https:\/\/www.rubendario.cl\/sitio\/wp-json\/wp\/v2\/posts\/24435\/revisions\/24437"}],"wp:featuredmedia":[{"embeddable":true,"href":"https:\/\/www.rubendario.cl\/sitio\/wp-json\/wp\/v2\/media\/24436"}],"wp:attachment":[{"href":"https:\/\/www.rubendario.cl\/sitio\/wp-json\/wp\/v2\/media?parent=24435"}],"wp:term":[{"taxonomy":"category","embeddable":true,"href":"https:\/\/www.rubendario.cl\/sitio\/wp-json\/wp\/v2\/categories?post=24435"},{"taxonomy":"post_tag","embeddable":true,"href":"https:\/\/www.rubendario.cl\/sitio\/wp-json\/wp\/v2\/tags?post=24435"}],"curies":[{"name":"wp","href":"https:\/\/api.w.org\/{rel}","templated":true}]}}