{"id":24446,"date":"2024-03-05T10:31:17","date_gmt":"2024-03-05T13:31:17","guid":{"rendered":"https:\/\/www.rubendario.cl\/sitio\/?p=24446"},"modified":"2024-03-05T10:31:17","modified_gmt":"2024-03-05T13:31:17","slug":"bienvenida-ano-escolar-2024","status":"publish","type":"post","link":"https:\/\/www.rubendario.cl\/sitio\/bienvenida-ano-escolar-2024\/","title":{"rendered":"Bienvenida A\u00f1o Escolar 2024"},"content":{"rendered":"<p style=\"background: white;\"><img loading=\"lazy\" decoding=\"async\" class=\"aligncenter size-full wp-image-24447\" src=\"https:\/\/www.rubendario.cl\/sitio\/wp-content\/uploads\/2024\/03\/colegio.jpg\" alt=\"\" width=\"660\" height=\"310\" srcset=\"https:\/\/www.rubendario.cl\/sitio\/wp-content\/uploads\/2024\/03\/colegio.jpg 660w, https:\/\/www.rubendario.cl\/sitio\/wp-content\/uploads\/2024\/03\/colegio-300x141.jpg 300w, https:\/\/www.rubendario.cl\/sitio\/wp-content\/uploads\/2024\/03\/colegio-460x216.jpg 460w\" sizes=\"auto, (max-width: 660px) 100vw, 660px\" \/><\/p>\n<p style=\"background: white;\"><span style=\"font-family: 'Arial',sans-serif; color: black;\">Comunidad Ruberiana:<\/span><\/p>\n<p style=\"text-align: justify; line-height: 150%; background: white;\"><span style=\"font-family: 'Arial',sans-serif; color: black;\">Es un verdadero placer darles la bienvenida a este nuevo a\u00f1o escolar.<\/span><\/p>\n<p style=\"text-align: justify; line-height: 150%; background: white;\"><span style=\"font-family: 'Arial',sans-serif; color: black;\">Quiero extender un afectuoso saludo a todos nuestros padres, apoderados, directivos, docentes, asistentes de la educaci\u00f3n, personal administrativo y, especialmente, a nuestros estudiantes que inician un nuevo ciclo escolar con nosotros.<\/span><\/p>\n<p style=\"text-align: justify; line-height: 150%; background: white;\"><span style=\"font-family: 'Arial',sans-serif; color: black;\">Agradecemos a nuestros apoderados por la confianza depositada una vez m\u00e1s en nuestro colegio.<\/span><\/p>\n<p style=\"text-align: justify; line-height: 150%; background: white;\"><span style=\"font-family: 'Arial',sans-serif; color: black;\">El regreso a clases en este a\u00f1o 2024 es una valiosa oportunidad para que nuestros ni\u00f1os, ni\u00f1as y j\u00f3venes se desarrollen como individuos \u00edntegros, preparados para afrontar el futuro con los valores y habilidades que profesa nuestro Proyecto Educativo Institucional. <\/span><\/p>\n<p style=\"text-align: justify; line-height: 150%; background: white;\"><span style=\"font-family: 'Arial',sans-serif; color: black;\">El Colegio Poeta Rub\u00e9n Dar\u00edo se esfuerza d\u00eda a d\u00eda en consolidarse como una instituci\u00f3n acad\u00e9mica de excelencia, en un proceso continuo de mejora, adaptando nuestros m\u00e9todos de ense\u00f1anza a los desaf\u00edos que plantea el mundo actual. Nuestro principal prop\u00f3sito es fomentar la formaci\u00f3n en valores y la convivencia, capacit\u00e1ndolos para ejercer una ciudadan\u00eda activa, democr\u00e1tica y responsable.<\/span><\/p>\n<p style=\"text-align: justify; line-height: 150%; background: white;\"><span style=\"font-family: 'Arial',sans-serif; color: black;\">Extendemos una cordial invitaci\u00f3n a todas nuestras familias, para que participen activamente en este proceso, donde su colaboraci\u00f3n y compromiso es vital para una tarea conjunta en la educaci\u00f3n de sus pupilos.<\/span><\/p>\n<p style=\"text-align: justify; line-height: 150%; background: white;\"><span style=\"font-family: 'Arial',sans-serif; color: black;\">Atentamente,<\/span><\/p>\n<p style=\"background: white;\"><b><span style=\"font-family: 'Arial',sans-serif; color: black;\">Katherine Morales O\u00f1ate<\/span><\/b><\/p>\n<p style=\"background: white;\"><b><span style=\"font-family: 'Arial',sans-serif; color: black;\">Directora<\/span><\/b><\/p>\n","protected":false},"excerpt":{"rendered":"<p>Comunidad Ruberiana: Es un verdadero placer darles la bienvenida a este nuevo a\u00f1o escolar. Quiero extender un afectuoso saludo a todos nuestros padres, apoderados, directivos, docentes, asistentes de la educaci\u00f3n, personal administrativo y, especialmente, a nuestros estudiantes que inician un nuevo ciclo escolar con nosotros. Agradecemos a nuestros apoderados por la confianza depositada una vez &hellip;<\/p>\n","protected":false},"author":1,"featured_media":24447,"comment_status":"closed","ping_status":"open","sticky":false,"template":"","format":"standard","meta":{"footnotes":""},"categories":[198,31,104,54,186,72],"tags":[],"class_list":["post-24446","post","type-post","status-publish","format-standard","has-post-thumbnail","","category-198","category-colegio","category-colegio-en-maipu","category-contenidos","category-notas","category-noticias"],"publishpress_future_action":{"enabled":false,"date":"2026-05-10 12:06:07","action":"change-status","newStatus":"draft","terms":[],"taxonomy":"category","extraData":[]},"publishpress_future_workflow_manual_trigger":{"enabledWorkflows":[]},"_links":{"self":[{"href":"https:\/\/www.rubendario.cl\/sitio\/wp-json\/wp\/v2\/posts\/24446","targetHints":{"allow":["GET"]}}],"collection":[{"href":"https:\/\/www.rubendario.cl\/sitio\/wp-json\/wp\/v2\/posts"}],"about":[{"href":"https:\/\/www.rubendario.cl\/sitio\/wp-json\/wp\/v2\/types\/post"}],"author":[{"embeddable":true,"href":"https:\/\/www.rubendario.cl\/sitio\/wp-json\/wp\/v2\/users\/1"}],"replies":[{"embeddable":true,"href":"https:\/\/www.rubendario.cl\/sitio\/wp-json\/wp\/v2\/comments?post=24446"}],"version-history":[{"count":1,"href":"https:\/\/www.rubendario.cl\/sitio\/wp-json\/wp\/v2\/posts\/24446\/revisions"}],"predecessor-version":[{"id":24448,"href":"https:\/\/www.rubendario.cl\/sitio\/wp-json\/wp\/v2\/posts\/24446\/revisions\/24448"}],"wp:featuredmedia":[{"embeddable":true,"href":"https:\/\/www.rubendario.cl\/sitio\/wp-json\/wp\/v2\/media\/24447"}],"wp:attachment":[{"href":"https:\/\/www.rubendario.cl\/sitio\/wp-json\/wp\/v2\/media?parent=24446"}],"wp:term":[{"taxonomy":"category","embeddable":true,"href":"https:\/\/www.rubendario.cl\/sitio\/wp-json\/wp\/v2\/categories?post=24446"},{"taxonomy":"post_tag","embeddable":true,"href":"https:\/\/www.rubendario.cl\/sitio\/wp-json\/wp\/v2\/tags?post=24446"}],"curies":[{"name":"wp","href":"https:\/\/api.w.org\/{rel}","templated":true}]}}