{"id":24449,"date":"2024-03-06T11:43:28","date_gmt":"2024-03-06T14:43:28","guid":{"rendered":"https:\/\/www.rubendario.cl\/sitio\/?p=24449"},"modified":"2024-03-06T11:43:28","modified_gmt":"2024-03-06T14:43:28","slug":"reuniones-de-apoderado-marzo-2024","status":"publish","type":"post","link":"https:\/\/www.rubendario.cl\/sitio\/reuniones-de-apoderado-marzo-2024\/","title":{"rendered":"Reuniones de apoderado marzo 2024"},"content":{"rendered":"<p><img loading=\"lazy\" decoding=\"async\" class=\"aligncenter size-full wp-image-19789\" src=\"https:\/\/www.rubendario.cl\/sitio\/wp-content\/uploads\/2021\/08\/cal-reuniones-apoderados.png\" alt=\"\" width=\"660\" height=\"351\" srcset=\"https:\/\/www.rubendario.cl\/sitio\/wp-content\/uploads\/2021\/08\/cal-reuniones-apoderados.png 660w, https:\/\/www.rubendario.cl\/sitio\/wp-content\/uploads\/2021\/08\/cal-reuniones-apoderados-300x160.png 300w, https:\/\/www.rubendario.cl\/sitio\/wp-content\/uploads\/2021\/08\/cal-reuniones-apoderados-460x245.png 460w, https:\/\/www.rubendario.cl\/sitio\/wp-content\/uploads\/2021\/08\/cal-reuniones-apoderados-310x165.png 310w\" sizes=\"auto, (max-width: 660px) 100vw, 660px\" \/><\/p>\n<p style=\"font-weight: 400;\">Comunidad Ruberiana:<\/p>\n<p style=\"font-weight: 400;\">Esperamos que se encuentren bien, junto con sus familias. Con afecto, los invitamos a participar en la<strong> Primera\u00a0 Reuni\u00f3n de\u00a0apoderados\u00a0del a\u00f1o 2024<\/strong>.<\/p>\n<p style=\"font-weight: 400;\"><strong>Por motivo de estas\u00a0reuniones, queremos informarles que durante ambos d\u00edas, la jornada de la tarde (PK\u00b0B, K\u00b0B, 1\u00b0B y 2\u00b0B) se retirar\u00e1 a las 17:00 horas.<\/strong><\/p>\n<p style=\"font-weight: 400;\">Esta vez nos encontraremos el Martes 12 y mi\u00e9rcoles 13 de marzo seg\u00fan la siguiente distribuci\u00f3n de cursos:<\/p>\n<p style=\"font-weight: 400;\"><img loading=\"lazy\" decoding=\"async\" class=\"aligncenter size-full wp-image-24450\" src=\"https:\/\/www.rubendario.cl\/sitio\/wp-content\/uploads\/2024\/03\/reuniones.jpg\" alt=\"\" width=\"507\" height=\"375\" srcset=\"https:\/\/www.rubendario.cl\/sitio\/wp-content\/uploads\/2024\/03\/reuniones.jpg 507w, https:\/\/www.rubendario.cl\/sitio\/wp-content\/uploads\/2024\/03\/reuniones-300x222.jpg 300w, https:\/\/www.rubendario.cl\/sitio\/wp-content\/uploads\/2024\/03\/reuniones-460x340.jpg 460w\" sizes=\"auto, (max-width: 507px) 100vw, 507px\" \/><\/p>\n<p style=\"font-weight: 400;\">Esperamos contar con su valiosa presencia en estas jornadas de encuentro y reflexi\u00f3n, donde abordaremos temas importantes relacionados con el desarrollo acad\u00e9mico y personal de nuestros estudiantes.<\/p>\n<p style=\"font-weight: 400;\">\u00a0Colegio Poeta Rub\u00e9n Dar\u00edo<\/p>\n","protected":false},"excerpt":{"rendered":"<p>Comunidad Ruberiana: Esperamos que se encuentren bien, junto con sus familias. Con afecto, los invitamos a participar en la Primera\u00a0 Reuni\u00f3n de\u00a0apoderados\u00a0del a\u00f1o 2024. Por motivo de estas\u00a0reuniones, queremos informarles que durante ambos d\u00edas, la jornada de la tarde (PK\u00b0B, K\u00b0B, 1\u00b0B y 2\u00b0B) se retirar\u00e1 a las 17:00 horas. Esta vez nos encontraremos el &hellip;<\/p>\n","protected":false},"author":1,"featured_media":19789,"comment_status":"closed","ping_status":"open","sticky":false,"template":"","format":"standard","meta":{"footnotes":""},"categories":[198,31,104,54,186,72],"tags":[],"class_list":["post-24449","post","type-post","status-publish","format-standard","has-post-thumbnail","","category-198","category-colegio","category-colegio-en-maipu","category-contenidos","category-notas","category-noticias"],"publishpress_future_action":{"enabled":false,"date":"2026-05-10 12:53:01","action":"change-status","newStatus":"draft","terms":[],"taxonomy":"category","extraData":[]},"publishpress_future_workflow_manual_trigger":{"enabledWorkflows":[]},"_links":{"self":[{"href":"https:\/\/www.rubendario.cl\/sitio\/wp-json\/wp\/v2\/posts\/24449","targetHints":{"allow":["GET"]}}],"collection":[{"href":"https:\/\/www.rubendario.cl\/sitio\/wp-json\/wp\/v2\/posts"}],"about":[{"href":"https:\/\/www.rubendario.cl\/sitio\/wp-json\/wp\/v2\/types\/post"}],"author":[{"embeddable":true,"href":"https:\/\/www.rubendario.cl\/sitio\/wp-json\/wp\/v2\/users\/1"}],"replies":[{"embeddable":true,"href":"https:\/\/www.rubendario.cl\/sitio\/wp-json\/wp\/v2\/comments?post=24449"}],"version-history":[{"count":1,"href":"https:\/\/www.rubendario.cl\/sitio\/wp-json\/wp\/v2\/posts\/24449\/revisions"}],"predecessor-version":[{"id":24451,"href":"https:\/\/www.rubendario.cl\/sitio\/wp-json\/wp\/v2\/posts\/24449\/revisions\/24451"}],"wp:featuredmedia":[{"embeddable":true,"href":"https:\/\/www.rubendario.cl\/sitio\/wp-json\/wp\/v2\/media\/19789"}],"wp:attachment":[{"href":"https:\/\/www.rubendario.cl\/sitio\/wp-json\/wp\/v2\/media?parent=24449"}],"wp:term":[{"taxonomy":"category","embeddable":true,"href":"https:\/\/www.rubendario.cl\/sitio\/wp-json\/wp\/v2\/categories?post=24449"},{"taxonomy":"post_tag","embeddable":true,"href":"https:\/\/www.rubendario.cl\/sitio\/wp-json\/wp\/v2\/tags?post=24449"}],"curies":[{"name":"wp","href":"https:\/\/api.w.org\/{rel}","templated":true}]}}