{"id":24465,"date":"2024-03-13T09:00:03","date_gmt":"2024-03-13T12:00:03","guid":{"rendered":"https:\/\/www.rubendario.cl\/sitio\/?p=24465"},"modified":"2024-03-14T19:09:18","modified_gmt":"2024-03-14T22:09:18","slug":"dia-contra-el-ciberacoso-2024","status":"publish","type":"post","link":"https:\/\/www.rubendario.cl\/sitio\/dia-contra-el-ciberacoso-2024\/","title":{"rendered":"D\u00eda contra el Ciberacoso"},"content":{"rendered":"<p><img loading=\"lazy\" decoding=\"async\" class=\"aligncenter size-full wp-image-24466\" src=\"https:\/\/www.rubendario.cl\/sitio\/wp-content\/uploads\/2024\/03\/acoso-banner.jpg\" alt=\"\" width=\"660\" height=\"330\" srcset=\"https:\/\/www.rubendario.cl\/sitio\/wp-content\/uploads\/2024\/03\/acoso-banner.jpg 660w, https:\/\/www.rubendario.cl\/sitio\/wp-content\/uploads\/2024\/03\/acoso-banner-300x150.jpg 300w, https:\/\/www.rubendario.cl\/sitio\/wp-content\/uploads\/2024\/03\/acoso-banner-460x230.jpg 460w\" sizes=\"auto, (max-width: 660px) 100vw, 660px\" \/><\/p>\n<p>Los medios y redes sociales desempe\u00f1an un papel importante en la vida de muchos preadolescentes y adolescentes. M\u00e1s de un tercio (35 %) de los j\u00f3venes de 13 a 17 a\u00f1os informaron usar sitios de redes sociales como YouTube, TikTok, Instagram, Snapchat y Facebook \u00abcasi constantemente\u00bb en 2022. Y aunque muchas plataformas de redes sociales establecen una edad m\u00ednima de 13 para registrarse, el 38 % de los ni\u00f1os de 8 a 12 a\u00f1os dicen que han usado las redes sociales.<\/p>\n<p>Todo este uso de las redes sociales puede influir en los NNA de diversas maneras. Como integrante de la comunidad educativa Ruben Dario debemos estar atentos a las se\u00f1ales en que el uso inadecuado de redes sociales pueda afectar a nuestros estudiantes.<\/p>\n<p>Adem\u00e1s, ante el aumento informado de depresi\u00f3n y ansiedad entre los y las adolescentes, es posible que se pregunte de qu\u00e9 manera los medios sociales pueden afectar la salud mental de su hijo(a). La investigaci\u00f3n sugiere que depende de qu\u00e9 manera los usen. Comprender las posibles conexiones entre los medios sociales y la salud mental puede ayudar a guiar a sus hijos e hijas para que adopten h\u00e1bitos saludables en los medios sociales.<\/p>\n<p>Equipo de Convivencia<br \/>\nColegio Poeta Rub\u00e9n Dar\u00edo<\/p>\n<p><img loading=\"lazy\" decoding=\"async\" class=\"aligncenter size-full wp-image-24467\" src=\"https:\/\/www.rubendario.cl\/sitio\/wp-content\/uploads\/2024\/03\/ciberacoso-660.jpg\" alt=\"\" width=\"660\" height=\"660\" srcset=\"https:\/\/www.rubendario.cl\/sitio\/wp-content\/uploads\/2024\/03\/ciberacoso-660.jpg 660w, https:\/\/www.rubendario.cl\/sitio\/wp-content\/uploads\/2024\/03\/ciberacoso-660-150x150.jpg 150w, https:\/\/www.rubendario.cl\/sitio\/wp-content\/uploads\/2024\/03\/ciberacoso-660-300x300.jpg 300w, https:\/\/www.rubendario.cl\/sitio\/wp-content\/uploads\/2024\/03\/ciberacoso-660-460x460.jpg 460w\" sizes=\"auto, (max-width: 660px) 100vw, 660px\" \/><\/p>\n<p><img loading=\"lazy\" decoding=\"async\" class=\"aligncenter size-full wp-image-24468\" src=\"https:\/\/www.rubendario.cl\/sitio\/wp-content\/uploads\/2024\/03\/ciberacoso-rd.jpg\" alt=\"\" width=\"660\" height=\"660\" srcset=\"https:\/\/www.rubendario.cl\/sitio\/wp-content\/uploads\/2024\/03\/ciberacoso-rd.jpg 660w, https:\/\/www.rubendario.cl\/sitio\/wp-content\/uploads\/2024\/03\/ciberacoso-rd-150x150.jpg 150w, https:\/\/www.rubendario.cl\/sitio\/wp-content\/uploads\/2024\/03\/ciberacoso-rd-300x300.jpg 300w, https:\/\/www.rubendario.cl\/sitio\/wp-content\/uploads\/2024\/03\/ciberacoso-rd-460x460.jpg 460w\" sizes=\"auto, (max-width: 660px) 100vw, 660px\" \/><\/p>\n<p><a href=\"https:\/\/www.rubendario.cl\/sitio\/wp-content\/uploads\/2024\/03\/INFOGRAFIA-1_Impresion.pdf\" target=\"_blank\" rel=\"noopener noreferrer\"><img loading=\"lazy\" decoding=\"async\" class=\"aligncenter wp-image-12631 size-full\" src=\"https:\/\/www.rubendario.cl\/sitio\/wp-content\/uploads\/2018\/08\/descargar-1.jpg\" alt=\"\" width=\"200\" height=\"85\" \/><\/a><\/p>\n<p><a href=\"https:\/\/www.rubendario.cl\/sitio\/wp-content\/uploads\/2024\/03\/INFOGRAFIA-2_Impresion.pdf\" target=\"_blank\" rel=\"noopener noreferrer\"><img loading=\"lazy\" decoding=\"async\" class=\"aligncenter wp-image-12630 size-full\" src=\"https:\/\/www.rubendario.cl\/sitio\/wp-content\/uploads\/2018\/08\/descargar.jpg\" alt=\"\" width=\"200\" height=\"85\" \/><\/a><a href=\"https:\/\/www.rubendario.cl\/sitio\/wp-content\/uploads\/2024\/03\/INFOGRAFIA-3_Impresion.pdf\" target=\"_blank\" rel=\"noopener noreferrer\"><img loading=\"lazy\" decoding=\"async\" class=\"aligncenter wp-image-12630 size-full\" src=\"https:\/\/www.rubendario.cl\/sitio\/wp-content\/uploads\/2018\/08\/descargar.jpg\" alt=\"\" width=\"200\" height=\"85\" \/><\/a><a href=\"https:\/\/www.rubendario.cl\/sitio\/wp-content\/uploads\/2024\/03\/INFOGRAFIA-5_Impresion.pdf\" target=\"_blank\" rel=\"noopener noreferrer\"><img loading=\"lazy\" decoding=\"async\" class=\"aligncenter wp-image-12630 size-full\" src=\"https:\/\/www.rubendario.cl\/sitio\/wp-content\/uploads\/2018\/08\/descargar.jpg\" alt=\"\" width=\"200\" height=\"85\" \/><\/a><\/p>\n","protected":false},"excerpt":{"rendered":"<p>Los medios y redes sociales desempe\u00f1an un papel importante en la vida de muchos preadolescentes y adolescentes. M\u00e1s de un tercio (35 %) de los j\u00f3venes de 13 a 17 a\u00f1os informaron usar sitios de redes sociales como YouTube, TikTok, Instagram, Snapchat y Facebook \u00abcasi constantemente\u00bb en 2022. Y aunque muchas plataformas de redes sociales &hellip;<\/p>\n","protected":false},"author":1,"featured_media":24466,"comment_status":"closed","ping_status":"open","sticky":false,"template":"","format":"standard","meta":{"footnotes":""},"categories":[198,31,104,54,186,72],"tags":[],"class_list":["post-24465","post","type-post","status-publish","format-standard","has-post-thumbnail","","category-198","category-colegio","category-colegio-en-maipu","category-contenidos","category-notas","category-noticias"],"publishpress_future_action":{"enabled":false,"date":"2026-05-10 13:21:13","action":"change-status","newStatus":"draft","terms":[],"taxonomy":"category","extraData":[]},"publishpress_future_workflow_manual_trigger":{"enabledWorkflows":[]},"_links":{"self":[{"href":"https:\/\/www.rubendario.cl\/sitio\/wp-json\/wp\/v2\/posts\/24465","targetHints":{"allow":["GET"]}}],"collection":[{"href":"https:\/\/www.rubendario.cl\/sitio\/wp-json\/wp\/v2\/posts"}],"about":[{"href":"https:\/\/www.rubendario.cl\/sitio\/wp-json\/wp\/v2\/types\/post"}],"author":[{"embeddable":true,"href":"https:\/\/www.rubendario.cl\/sitio\/wp-json\/wp\/v2\/users\/1"}],"replies":[{"embeddable":true,"href":"https:\/\/www.rubendario.cl\/sitio\/wp-json\/wp\/v2\/comments?post=24465"}],"version-history":[{"count":3,"href":"https:\/\/www.rubendario.cl\/sitio\/wp-json\/wp\/v2\/posts\/24465\/revisions"}],"predecessor-version":[{"id":24475,"href":"https:\/\/www.rubendario.cl\/sitio\/wp-json\/wp\/v2\/posts\/24465\/revisions\/24475"}],"wp:featuredmedia":[{"embeddable":true,"href":"https:\/\/www.rubendario.cl\/sitio\/wp-json\/wp\/v2\/media\/24466"}],"wp:attachment":[{"href":"https:\/\/www.rubendario.cl\/sitio\/wp-json\/wp\/v2\/media?parent=24465"}],"wp:term":[{"taxonomy":"category","embeddable":true,"href":"https:\/\/www.rubendario.cl\/sitio\/wp-json\/wp\/v2\/categories?post=24465"},{"taxonomy":"post_tag","embeddable":true,"href":"https:\/\/www.rubendario.cl\/sitio\/wp-json\/wp\/v2\/tags?post=24465"}],"curies":[{"name":"wp","href":"https:\/\/api.w.org\/{rel}","templated":true}]}}